{"id":194587,"date":"2025-03-05T07:45:33","date_gmt":"2025-03-05T10:45:33","guid":{"rendered":"https:\/\/corrientesdetarde.com\/?p=194587"},"modified":"2025-03-05T07:45:38","modified_gmt":"2025-03-05T10:45:38","slug":"la-provincia-reasfalta-varias-cuadras-centricas-de-la-calle-belgrano","status":"publish","type":"post","link":"https:\/\/corrientesdetarde.com\/index.php\/informacion-general\/la-provincia-reasfalta-varias-cuadras-centricas-de-la-calle-belgrano\/","title":{"rendered":"La Provincia reasfalta varias cuadras c\u00e9ntricas de la calle Belgrano"},"content":{"rendered":"\n<p>El Gobierno provincial repavimenta con concreto asf\u00e1ltico varias cuadras c\u00e9ntricas de la calle Belgrano de la ciudad de Corrientes, como parte de su programa de asistencia a dicho Municipio.\u00a0Estas obras, emprendidas con recursos propios del erario provincial, son ejecutadas por el Ministerio de Obras y Servicios P\u00fablicos a trav\u00e9s de equipos y maquinarias especializados de Vialidad Urbana, dependiente de la Direcci\u00f3n Provincial de Vialidad (DPV).<\/p>\n\n\n\n<p><\/p>\n\n\n\n<p>Con el objeto de devolver una adecuada capa de rodamiento a las calles c\u00e9ntricas de la ciudad, en la actualidad se trabaja sobre la calle Belgrano concluyendo su repavimentaci\u00f3n en los tramos comprendidos entre Salta y La Rioja, y Buenos Aires y Tucum\u00e1n, al tiempo que se comenzar\u00e1 el fresado del tramo comprendido entre Tucum\u00e1n y San Luis para luego proceder a la colocaci\u00f3n de una carpeta de concreto caliente de entre 5 y 8 cent\u00edmetros de espesor. Es as\u00ed que se recomend\u00f3 circular por la zona con precauci\u00f3n ante el movimiento de m\u00e1quinas pesadas que emprenden estos trabajos.<\/p>\n\n\n\n<p>Dichas\u00a0tareas son ejecutadas por administraci\u00f3n con recursos, equipos y personal provincial, lo que implica un ahorro sustancial con los costos operativos.<\/p>\n\n\n\n<figure class=\"wp-block-image size-full\"><img loading=\"lazy\" decoding=\"async\" width=\"800\" height=\"535\" src=\"https:\/\/corrientesdetarde.com\/wp-content\/uploads\/2025\/03\/image-54.png\" alt=\"\" class=\"wp-image-194601\" srcset=\"https:\/\/corrientesdetarde.com\/wp-content\/uploads\/2025\/03\/image-54.png 800w, https:\/\/corrientesdetarde.com\/wp-content\/uploads\/2025\/03\/image-54-300x201.png 300w, https:\/\/corrientesdetarde.com\/wp-content\/uploads\/2025\/03\/image-54-768x514.png 768w\" sizes=\"auto, (max-width: 800px) 100vw, 800px\" \/><\/figure>\n","protected":false},"excerpt":{"rendered":"<p>El Gobierno provincial repavimenta con concreto asf\u00e1ltico varias cuadras c\u00e9ntricas de la calle Belgrano de la ciudad de Corrientes, como parte de su programa de asistencia a dicho Municipio.\u00a0Estas obras,&hellip; <\/p>\n","protected":false},"author":1,"featured_media":194600,"comment_status":"closed","ping_status":"open","sticky":false,"template":"","format":"standard","meta":{"footnotes":""},"categories":[1],"tags":[],"class_list":["post-194587","post","type-post","status-publish","format-standard","has-post-thumbnail","hentry","category-informacion-general"],"_links":{"self":[{"href":"https:\/\/corrientesdetarde.com\/index.php\/wp-json\/wp\/v2\/posts\/194587","targetHints":{"allow":["GET"]}}],"collection":[{"href":"https:\/\/corrientesdetarde.com\/index.php\/wp-json\/wp\/v2\/posts"}],"about":[{"href":"https:\/\/corrientesdetarde.com\/index.php\/wp-json\/wp\/v2\/types\/post"}],"author":[{"embeddable":true,"href":"https:\/\/corrientesdetarde.com\/index.php\/wp-json\/wp\/v2\/users\/1"}],"replies":[{"embeddable":true,"href":"https:\/\/corrientesdetarde.com\/index.php\/wp-json\/wp\/v2\/comments?post=194587"}],"version-history":[{"count":1,"href":"https:\/\/corrientesdetarde.com\/index.php\/wp-json\/wp\/v2\/posts\/194587\/revisions"}],"predecessor-version":[{"id":194602,"href":"https:\/\/corrientesdetarde.com\/index.php\/wp-json\/wp\/v2\/posts\/194587\/revisions\/194602"}],"wp:featuredmedia":[{"embeddable":true,"href":"https:\/\/corrientesdetarde.com\/index.php\/wp-json\/wp\/v2\/media\/194600"}],"wp:attachment":[{"href":"https:\/\/corrientesdetarde.com\/index.php\/wp-json\/wp\/v2\/media?parent=194587"}],"wp:term":[{"taxonomy":"category","embeddable":true,"href":"https:\/\/corrientesdetarde.com\/index.php\/wp-json\/wp\/v2\/categories?post=194587"},{"taxonomy":"post_tag","embeddable":true,"href":"https:\/\/corrientesdetarde.com\/index.php\/wp-json\/wp\/v2\/tags?post=194587"}],"curies":[{"name":"wp","href":"https:\/\/api.w.org\/{rel}","templated":true}]}}