{"id":194603,"date":"2025-03-05T08:01:07","date_gmt":"2025-03-05T11:01:07","guid":{"rendered":"https:\/\/corrientesdetarde.com\/?p=194603"},"modified":"2025-03-05T08:01:12","modified_gmt":"2025-03-05T11:01:12","slug":"salud-publica-avanza-en-el-armado-del-nomenclador-provincial-de-obras-sociales","status":"publish","type":"post","link":"https:\/\/corrientesdetarde.com\/index.php\/bienestar-y-salud\/salud-publica-avanza-en-el-armado-del-nomenclador-provincial-de-obras-sociales\/","title":{"rendered":"Salud P\u00fablica avanza en el armado del Nomenclador Provincial de Obras Sociales"},"content":{"rendered":"\n<p><em>Se trata de reuniones de trabajo con los referentes profesionales que brindan atenci\u00f3n m\u00e9dica en el sistema de salud p\u00fablica para acordar el men\u00fa de las distintas especialidades y su respectiva valorizaci\u00f3n. De este modo, se busca fortalecer el circuito de recupero de los hospitales y profesionales de la salud.<\/em><\/p>\n\n\n\n<p><\/p>\n\n\n\n<p>En el marco del proyecto de la nueva Ley de Recupero de Gastos Prestacionales que cuenta con media sanci\u00f3n de la C\u00e1mara de Senadores de Corrientes, el Ministerio de Salud P\u00fablica a trav\u00e9s de la Unidad Ejecutora Provincial (UEP) viene trabajando intensamente con las instituciones y los profesionales de la medicina que se desempe\u00f1an en el sistema. De este modo, se dio inicio a las mesas de trabajo con las distintas especialidades para el armado del Nomenclador Provincial de Obras Sociales, mutuales y Prepagas de la provincia de Corrientes.<\/p>\n\n\n\n<p>El director general de la UEP, Ariel V\u00e1zquez,explic\u00f3 que &#8220;para nosotros es fundamental contar con el apoyo y la ayuda de profesionales de distintas especialidades de la medicina para articular los encuentros en los cuales se debaten las prestaciones que se van a incluir, el formato de las mismas, los eventuales m\u00f3dulos y la valorizaci\u00f3n de las pr\u00e1cticas, teniendo en cuenta precios de mercado e importes \u00e9ticos de reconocidas asociaciones&#8221;. &#8220;Desde el inicio de la gesti\u00f3n venimos trabajando fuertemente en el circuito de recupero del cobro a las entidades financiadoras de servicios de salud como son las obras sociales, prepagas, seguros, entre otros por los servicios m\u00e9dico-asistenciales y administrativos que reciben sus afiliados en los centros de salud p\u00fablica de la Provincia&#8221;, explic\u00f3 y agreg\u00f3 que &#8220;en este marco y en el del proyecto de ley, es que comenzamos las mesas de trabajo para continuar a lo largo de los meses y conformar el Nomenclador Provincial de Obras Sociales, mutuales y Prepagas de la provincia de Corrientes&#8221;&nbsp;detall\u00f3.<\/p>\n\n\n\n<p>La Direcci\u00f3n T\u00e9cnica y Convenios de la UEP lleva adelante las reuniones dos veces por semana desde febrero y los siguientes meses, donde vienen participando las especialidades de Alergia, Anatom\u00eda Patol\u00f3gica, Cardiol\u00f3gica, Ecograf\u00eda, Telemedicina, Neurocirug\u00eda, Oftalmolog\u00eda, Urolog\u00eda, Traumatolog\u00eda, Cirug\u00eda Infantil, Ecograf\u00eda, entre todas las que se brindan en los hospitales y centros de salud de la Provincia. En la reuni\u00f3n estuvieron presentes el director general de la UEP, Ariel V\u00e1zquez; por la Direcci\u00f3n T\u00e9cnica y Convenios de la UEP, Mariela Torres; y especialistas en Anatom\u00eda Patol\u00f3gica: Mar\u00eda In\u00e9s Delfino y Alicia Boschetto del Hospital &#8220;J. R. Vidal&#8221;; Zamudio Parry Ruth del Hospital Escuela &#8220;Jos\u00e9 Francisco de San Mart\u00edn&#8221;;&nbsp;y Bertha Valdovinos Zaputovich del Hospital Pedi\u00e1trico.<\/p>\n","protected":false},"excerpt":{"rendered":"<p>Se trata de reuniones de trabajo con los referentes profesionales que brindan atenci\u00f3n m\u00e9dica en el sistema de salud p\u00fablica para acordar el men\u00fa de las distintas especialidades y su&hellip; <\/p>\n","protected":false},"author":1,"featured_media":194614,"comment_status":"closed","ping_status":"open","sticky":false,"template":"","format":"standard","meta":{"footnotes":""},"categories":[16],"tags":[],"class_list":["post-194603","post","type-post","status-publish","format-standard","has-post-thumbnail","hentry","category-bienestar-y-salud"],"_links":{"self":[{"href":"https:\/\/corrientesdetarde.com\/index.php\/wp-json\/wp\/v2\/posts\/194603","targetHints":{"allow":["GET"]}}],"collection":[{"href":"https:\/\/corrientesdetarde.com\/index.php\/wp-json\/wp\/v2\/posts"}],"about":[{"href":"https:\/\/corrientesdetarde.com\/index.php\/wp-json\/wp\/v2\/types\/post"}],"author":[{"embeddable":true,"href":"https:\/\/corrientesdetarde.com\/index.php\/wp-json\/wp\/v2\/users\/1"}],"replies":[{"embeddable":true,"href":"https:\/\/corrientesdetarde.com\/index.php\/wp-json\/wp\/v2\/comments?post=194603"}],"version-history":[{"count":1,"href":"https:\/\/corrientesdetarde.com\/index.php\/wp-json\/wp\/v2\/posts\/194603\/revisions"}],"predecessor-version":[{"id":194615,"href":"https:\/\/corrientesdetarde.com\/index.php\/wp-json\/wp\/v2\/posts\/194603\/revisions\/194615"}],"wp:featuredmedia":[{"embeddable":true,"href":"https:\/\/corrientesdetarde.com\/index.php\/wp-json\/wp\/v2\/media\/194614"}],"wp:attachment":[{"href":"https:\/\/corrientesdetarde.com\/index.php\/wp-json\/wp\/v2\/media?parent=194603"}],"wp:term":[{"taxonomy":"category","embeddable":true,"href":"https:\/\/corrientesdetarde.com\/index.php\/wp-json\/wp\/v2\/categories?post=194603"},{"taxonomy":"post_tag","embeddable":true,"href":"https:\/\/corrientesdetarde.com\/index.php\/wp-json\/wp\/v2\/tags?post=194603"}],"curies":[{"name":"wp","href":"https:\/\/api.w.org\/{rel}","templated":true}]}}