{"id":194605,"date":"2025-03-05T07:52:36","date_gmt":"2025-03-05T10:52:36","guid":{"rendered":"https:\/\/corrientesdetarde.com\/?p=194605"},"modified":"2025-03-05T07:52:41","modified_gmt":"2025-03-05T10:52:41","slug":"continuan-las-negociaciones-y-peligra-un-nuevo-paro-de-colectivos-en-corrientes","status":"publish","type":"post","link":"https:\/\/corrientesdetarde.com\/index.php\/sociales\/continuan-las-negociaciones-y-peligra-un-nuevo-paro-de-colectivos-en-corrientes\/","title":{"rendered":"Contin\u00faan las negociaciones y peligra un nuevo paro de colectivos en Corrientes"},"content":{"rendered":"\n<p>El conflicto salarial de los choferes nucleados bajo la Uni\u00f3n Tranviarios Automotor (UTA) Corrientes y las empresas que prestan servicio en la ciudad de Corrientes sigue su paso y este mi\u00e9rcoles est\u00e1 pactada una reuni\u00f3n clave que podr\u00eda definir la continuidad del transporte urbano.&nbsp;<strong>En caso de que no se llegue a un acuerdo podr\u00eda haber una medida de fuerza la semana que viene.&nbsp;<\/strong><\/p>\n\n\n\n<p><a href=\"https:\/\/www.ellitoral.com.ar\/ciudad\/2025-3-1-19-8-0-tras-un-principio-de-acuerdo-el-gremio-de-choferes-levanto-el-paro-de-transporte\"><\/a><\/p>\n\n\n\n<p>El representante de la UTA Corrientes, Jos\u00e9 Luis Sabao<strong>\u00a0<\/strong>se\u00f1al\u00f3:<strong>\u00a0\u201cMa\u00f1ana (mi\u00e9rcoles) tenemos una reuni\u00f3n, el horario a\u00fan no lo sabemos, pero de no haber acuerdo vamos al paro\u201d.\u00a0<\/strong><\/p>\n\n\n\n<p>Consultado sobre la fecha en la que est\u00e1 prevista la medida de fuerza, Sabao adelant\u00f3 a este medio:<strong>&nbsp;\u201cLa medida ser\u00eda despu\u00e9s del cuarto d\u00eda h\u00e1bil. Esto quiere decir, el&nbsp;d\u00eda del cobro\u201d. &nbsp;<\/strong><\/p>\n\n\n\n<p>Esto se da luego de que el fin de semana pasado se hab\u00eda programado una asamblea para el s\u00e1bado y el corte del servicio a partir del domingo por parte de la UTA como parte del reclamo salarial. Pero esta medida fue suspendida luego llegara a un principio de acuerdo con las empresas prestatarias.<\/p>\n\n\n\n<p>La decisi\u00f3n se tom\u00f3 tras una reuni\u00f3n entre el gremio y los directivos, donde las partes acordaron un compromiso de pago de las diferencias salariales reclamadas por los trabajadores.&nbsp;<\/p>\n\n\n\n<p>En un comunicado oficial por parte de la junta directiva de la UTA emitido el viernes a \u00faltima hora, las empresas se comprometieron a abonar una suma de $100.000 a cuenta de las diferencias salariales exigidas. Esto se volver\u00e1 a debatir este mi\u00e9rcoles para evitar una nueva medida la semana pr\u00f3xima.&nbsp;<\/p>\n","protected":false},"excerpt":{"rendered":"<p>El conflicto salarial de los choferes nucleados bajo la Uni\u00f3n Tranviarios Automotor (UTA) Corrientes y las empresas que prestan servicio en la ciudad de Corrientes sigue su paso y este&hellip; <\/p>\n","protected":false},"author":1,"featured_media":128753,"comment_status":"closed","ping_status":"open","sticky":false,"template":"","format":"standard","meta":{"footnotes":""},"categories":[17],"tags":[],"class_list":["post-194605","post","type-post","status-publish","format-standard","has-post-thumbnail","hentry","category-sociales"],"_links":{"self":[{"href":"https:\/\/corrientesdetarde.com\/index.php\/wp-json\/wp\/v2\/posts\/194605","targetHints":{"allow":["GET"]}}],"collection":[{"href":"https:\/\/corrientesdetarde.com\/index.php\/wp-json\/wp\/v2\/posts"}],"about":[{"href":"https:\/\/corrientesdetarde.com\/index.php\/wp-json\/wp\/v2\/types\/post"}],"author":[{"embeddable":true,"href":"https:\/\/corrientesdetarde.com\/index.php\/wp-json\/wp\/v2\/users\/1"}],"replies":[{"embeddable":true,"href":"https:\/\/corrientesdetarde.com\/index.php\/wp-json\/wp\/v2\/comments?post=194605"}],"version-history":[{"count":1,"href":"https:\/\/corrientesdetarde.com\/index.php\/wp-json\/wp\/v2\/posts\/194605\/revisions"}],"predecessor-version":[{"id":194611,"href":"https:\/\/corrientesdetarde.com\/index.php\/wp-json\/wp\/v2\/posts\/194605\/revisions\/194611"}],"wp:featuredmedia":[{"embeddable":true,"href":"https:\/\/corrientesdetarde.com\/index.php\/wp-json\/wp\/v2\/media\/128753"}],"wp:attachment":[{"href":"https:\/\/corrientesdetarde.com\/index.php\/wp-json\/wp\/v2\/media?parent=194605"}],"wp:term":[{"taxonomy":"category","embeddable":true,"href":"https:\/\/corrientesdetarde.com\/index.php\/wp-json\/wp\/v2\/categories?post=194605"},{"taxonomy":"post_tag","embeddable":true,"href":"https:\/\/corrientesdetarde.com\/index.php\/wp-json\/wp\/v2\/tags?post=194605"}],"curies":[{"name":"wp","href":"https:\/\/api.w.org\/{rel}","templated":true}]}}