{"id":19461,"date":"2022-11-14T10:23:28","date_gmt":"2022-11-14T13:23:28","guid":{"rendered":"https:\/\/corrientesdetarde.com\/?p=19461"},"modified":"2022-11-14T10:23:31","modified_gmt":"2022-11-14T13:23:31","slug":"arranca-el-pago-de-la-primera-cuota-de-22-500-del-refuerzo-alimentario","status":"publish","type":"post","link":"https:\/\/corrientesdetarde.com\/index.php\/informacion-general\/arranca-el-pago-de-la-primera-cuota-de-22-500-del-refuerzo-alimentario\/","title":{"rendered":"Arranca el pago de la primera cuota de $22.500 del refuerzo alimentario"},"content":{"rendered":"\n<p>La primera de las dos cuotas de $ 22.500 del Refuerzo Alimentario comenzar\u00e1 a pagarse desde hoy a personas en condiciones de extrema vulnerabilidad, que no cuentan con ingresos y no perciben asistencia alguna del Estado, seg\u00fan inform\u00f3 la Administraci\u00f3n Nacional de la Seguridad Social (Anses).<\/p>\n\n\n\n<p>Los pagos se har\u00e1n de acuerdo a la terminaci\u00f3n de DNI en la cuenta bancaria declarada en el aplicativo.<\/p>\n\n\n\n<p>De todas formas, la inscripci\u00f3n continuar\u00e1 abierta para que, en caso de que un potencial beneficiario llegara a inscribirse despu\u00e9s del primer pago, y re\u00fana los requisitos, pueda percibir las cuotas de noviembre y diciembre en un solo pago de $ 45.000 el pr\u00f3ximo mes.<\/p>\n\n\n\n<p>El cronograma de pago difundido por Anses, prev\u00e9 que quienes tengan DNI terminados en 0 cobran hoy; los terminados en 1, el martes 15; en 2, el mi\u00e9rcoles 16; en 3 el jueves 17; y quienes tengan documentos que terminen en 4 percibir\u00e1n la primera cuota el viernes 18.<\/p>\n\n\n\n<p>La semana siguiente se completar\u00e1 el calendario con el pago a los DNI terminados en 5 el martes 22; los terminados en 6 el mi\u00e9rcoles 23; en 7 el jueves 24; en 8 el viernes 25 y en 9, el lunes 28 de noviembre.<\/p>\n\n\n\n<p>Si bien Anses no precis\u00f3 cu\u00e1ntas personas cobrar\u00e1n finalmente el bono, la primera semana de inscripci\u00f3n se hab\u00edan informado a 800.000 personas inscriptas que ya ten\u00edan aprobado el refuerzo,<\/p>\n\n\n\n<p>Dado el p\u00fablico al que se est\u00e1 apuntando -poblaci\u00f3n sin ning\u00fan tipo de ingreso formal ni cobertura previsional, de salud privada o de asistencia social- se espera que a\u00fan queden personas que no tomaron conocimiento de la medida o que no cuentan con los recursos para acceder a una inscripci\u00f3n v\u00eda web.<\/p>\n\n\n\n<p>Por ello, la inscripci\u00f3n continuar\u00e1 en forma presencial en las m\u00e1s de 400 oficinas de todo el pa\u00eds y operativos m\u00f3viles durante las pr\u00f3ximas semanas, indic\u00f3 el organismo.<\/p>\n\n\n\n<p>El pago del bono se har\u00e1 a trav\u00e9s de una cuenta bancaria (CBU) y las personas que no cuenten con una son asistidas por Anses para abrirles una en la instituci\u00f3n que les quede m\u00e1s cerca o que sea de su conveniencia y se les realiza un seguimiento del proceso de bancarizaci\u00f3n, para asegurarse que puedan cobrar el dinero.<\/p>\n\n\n\n<p>Pueden inscribirse aquellas personas que no cuenten con trabajo registrado (en relaci\u00f3n de dependencia, aut\u00f3nomos, de casas particulares, monotributistas o monotributistas sociales), y no cobren la prestaci\u00f3n por desempleo.<\/p>\n\n\n\n<p>El beneficio excluye a quienes perciben jubilaci\u00f3n o pensi\u00f3n contributiva o no contributiva, tanto nacionales como provinciales y municipales, Potenciar Trabajo, Beca Progresar, Asignaci\u00f3n por Embarazo para Protecci\u00f3n Social y Programas sociales tanto nacionales como provinciales o municipales, o quienes tengan hijos que perciban la Asignaci\u00f3n Universal o Salario Familiar.<\/p>\n\n\n\n<p>Asimismo, para acceder al Refuerzo las personas que se inscriban deber\u00e1n completar una Declaraci\u00f3n Jurada, que ser\u00e1 evaluada junto a sus consumos, bienes y patrimonio.<\/p>\n\n\n\n<p>No podr\u00e1n tener registrado a su nombre: rodados (automotores, motocicletas y otros) que tengan menos de 10 a\u00f1os de antig\u00fcedad, inmuebles, consumos de tarjeta de cr\u00e9dito y\/o d\u00e9bito en los \u00faltimos dos meses, plazos fijos y bonos en los \u00faltimos seis meses, acreditaci\u00f3n en cuentas bancarias en los \u00faltimos dos meses, compras en moneda extranjera en los \u00faltimos seis meses ni obra social o prepaga.<\/p>\n\n\n\n<p>En el caso de personas de 18 a 24 a\u00f1os, el control socioecon\u00f3mico se le realizar\u00e1 tambi\u00e9n a su grupo familiar.<\/p>\n","protected":false},"excerpt":{"rendered":"<p>La primera de las dos cuotas de $ 22.500 del Refuerzo Alimentario comenzar\u00e1 a pagarse desde hoy a personas en condiciones de extrema vulnerabilidad, que no cuentan con ingresos y&hellip; <\/p>\n","protected":false},"author":4,"featured_media":19465,"comment_status":"closed","ping_status":"open","sticky":false,"template":"","format":"standard","meta":{"footnotes":""},"categories":[1],"tags":[],"class_list":["post-19461","post","type-post","status-publish","format-standard","has-post-thumbnail","hentry","category-informacion-general"],"_links":{"self":[{"href":"https:\/\/corrientesdetarde.com\/index.php\/wp-json\/wp\/v2\/posts\/19461","targetHints":{"allow":["GET"]}}],"collection":[{"href":"https:\/\/corrientesdetarde.com\/index.php\/wp-json\/wp\/v2\/posts"}],"about":[{"href":"https:\/\/corrientesdetarde.com\/index.php\/wp-json\/wp\/v2\/types\/post"}],"author":[{"embeddable":true,"href":"https:\/\/corrientesdetarde.com\/index.php\/wp-json\/wp\/v2\/users\/4"}],"replies":[{"embeddable":true,"href":"https:\/\/corrientesdetarde.com\/index.php\/wp-json\/wp\/v2\/comments?post=19461"}],"version-history":[{"count":1,"href":"https:\/\/corrientesdetarde.com\/index.php\/wp-json\/wp\/v2\/posts\/19461\/revisions"}],"predecessor-version":[{"id":19466,"href":"https:\/\/corrientesdetarde.com\/index.php\/wp-json\/wp\/v2\/posts\/19461\/revisions\/19466"}],"wp:featuredmedia":[{"embeddable":true,"href":"https:\/\/corrientesdetarde.com\/index.php\/wp-json\/wp\/v2\/media\/19465"}],"wp:attachment":[{"href":"https:\/\/corrientesdetarde.com\/index.php\/wp-json\/wp\/v2\/media?parent=19461"}],"wp:term":[{"taxonomy":"category","embeddable":true,"href":"https:\/\/corrientesdetarde.com\/index.php\/wp-json\/wp\/v2\/categories?post=19461"},{"taxonomy":"post_tag","embeddable":true,"href":"https:\/\/corrientesdetarde.com\/index.php\/wp-json\/wp\/v2\/tags?post=19461"}],"curies":[{"name":"wp","href":"https:\/\/api.w.org\/{rel}","templated":true}]}}