{"id":194618,"date":"2025-03-05T08:57:17","date_gmt":"2025-03-05T11:57:17","guid":{"rendered":"https:\/\/corrientesdetarde.com\/?p=194618"},"modified":"2025-03-05T08:57:22","modified_gmt":"2025-03-05T11:57:22","slug":"corrientes-persiste-el-alerta-roja-y-naranja-por-calor-extremo","status":"publish","type":"post","link":"https:\/\/corrientesdetarde.com\/index.php\/clima\/corrientes-persiste-el-alerta-roja-y-naranja-por-calor-extremo\/","title":{"rendered":"Corrientes: persiste el alerta roja y naranja por calor extremo"},"content":{"rendered":"\n<p>El Servicio Meteorol\u00f3gico Nacional activ\u00f3 alertas meteorol\u00f3gicas por temperaturas extremas debido a la ola de calor que afecta al pa\u00eds. Durante este mi\u00e9rcoles varias localidades de Corrientes se encuentran bajo alerta roja, y naranja.<\/p>\n\n\n\n<figure class=\"wp-block-image size-full\"><img loading=\"lazy\" decoding=\"async\" width=\"776\" height=\"341\" src=\"https:\/\/corrientesdetarde.com\/wp-content\/uploads\/2025\/03\/image-60.png\" alt=\"\" class=\"wp-image-194622\" srcset=\"https:\/\/corrientesdetarde.com\/wp-content\/uploads\/2025\/03\/image-60.png 776w, https:\/\/corrientesdetarde.com\/wp-content\/uploads\/2025\/03\/image-60-300x132.png 300w, https:\/\/corrientesdetarde.com\/wp-content\/uploads\/2025\/03\/image-60-768x337.png 768w\" sizes=\"auto, (max-width: 776px) 100vw, 776px\" \/><\/figure>\n\n\n\n<p><\/p>\n\n\n\n<p>De acuerdo a lo detallado por el Servicio Meteorol\u00f3gico Nacional, varias las localidades de Corrientes se encuentran bajo alerta roja y naranja por temperaturas extremas, debido al intenso calor.<\/p>\n\n\n\n<p>En la ciudad de Corrientes se estima para este mi\u00e9rcoles una temperatura m\u00e1xima de 41\u00b0C con una humedad de 70%, y vientos Noreste a 7 km\/h.<\/p>\n\n\n\n<figure class=\"wp-block-image size-full\"><img loading=\"lazy\" decoding=\"async\" width=\"770\" height=\"772\" src=\"https:\/\/corrientesdetarde.com\/wp-content\/uploads\/2025\/03\/image-59.png\" alt=\"\" class=\"wp-image-194621\" srcset=\"https:\/\/corrientesdetarde.com\/wp-content\/uploads\/2025\/03\/image-59.png 770w, https:\/\/corrientesdetarde.com\/wp-content\/uploads\/2025\/03\/image-59-300x300.png 300w, https:\/\/corrientesdetarde.com\/wp-content\/uploads\/2025\/03\/image-59-150x150.png 150w, https:\/\/corrientesdetarde.com\/wp-content\/uploads\/2025\/03\/image-59-768x770.png 768w\" sizes=\"auto, (max-width: 770px) 100vw, 770px\" \/><\/figure>\n","protected":false},"excerpt":{"rendered":"<p>El Servicio Meteorol\u00f3gico Nacional activ\u00f3 alertas meteorol\u00f3gicas por temperaturas extremas debido a la ola de calor que afecta al pa\u00eds. Durante este mi\u00e9rcoles varias localidades de Corrientes se encuentran bajo&hellip; <\/p>\n","protected":false},"author":1,"featured_media":184740,"comment_status":"closed","ping_status":"open","sticky":false,"template":"","format":"standard","meta":{"footnotes":""},"categories":[29],"tags":[],"class_list":["post-194618","post","type-post","status-publish","format-standard","has-post-thumbnail","hentry","category-clima"],"_links":{"self":[{"href":"https:\/\/corrientesdetarde.com\/index.php\/wp-json\/wp\/v2\/posts\/194618","targetHints":{"allow":["GET"]}}],"collection":[{"href":"https:\/\/corrientesdetarde.com\/index.php\/wp-json\/wp\/v2\/posts"}],"about":[{"href":"https:\/\/corrientesdetarde.com\/index.php\/wp-json\/wp\/v2\/types\/post"}],"author":[{"embeddable":true,"href":"https:\/\/corrientesdetarde.com\/index.php\/wp-json\/wp\/v2\/users\/1"}],"replies":[{"embeddable":true,"href":"https:\/\/corrientesdetarde.com\/index.php\/wp-json\/wp\/v2\/comments?post=194618"}],"version-history":[{"count":1,"href":"https:\/\/corrientesdetarde.com\/index.php\/wp-json\/wp\/v2\/posts\/194618\/revisions"}],"predecessor-version":[{"id":194623,"href":"https:\/\/corrientesdetarde.com\/index.php\/wp-json\/wp\/v2\/posts\/194618\/revisions\/194623"}],"wp:featuredmedia":[{"embeddable":true,"href":"https:\/\/corrientesdetarde.com\/index.php\/wp-json\/wp\/v2\/media\/184740"}],"wp:attachment":[{"href":"https:\/\/corrientesdetarde.com\/index.php\/wp-json\/wp\/v2\/media?parent=194618"}],"wp:term":[{"taxonomy":"category","embeddable":true,"href":"https:\/\/corrientesdetarde.com\/index.php\/wp-json\/wp\/v2\/categories?post=194618"},{"taxonomy":"post_tag","embeddable":true,"href":"https:\/\/corrientesdetarde.com\/index.php\/wp-json\/wp\/v2\/tags?post=194618"}],"curies":[{"name":"wp","href":"https:\/\/api.w.org\/{rel}","templated":true}]}}