{"id":194634,"date":"2025-03-05T10:41:01","date_gmt":"2025-03-05T13:41:01","guid":{"rendered":"https:\/\/corrientesdetarde.com\/?p=194634"},"modified":"2025-03-05T11:29:53","modified_gmt":"2025-03-05T14:29:53","slug":"gustavo-valdes-inauguro-el-ciclo-lectivo-2025-en-corrientes","status":"publish","type":"post","link":"https:\/\/corrientesdetarde.com\/index.php\/destacados\/gustavo-valdes-inauguro-el-ciclo-lectivo-2025-en-corrientes\/","title":{"rendered":"Gustavo Vald\u00e9s inaugur\u00f3 el Ciclo Lectivo 2025 en Corrientes"},"content":{"rendered":"\n<p>En la ma\u00f1ana de este mi\u00e9rcoles 5 de marzo, el gobernador de la provincia, Gustavo Vald\u00e9s, junto a la ministra de Educaci\u00f3n, Pr\u00e1xedes L\u00f3pez, dejaron inaugurado el ciclo lectivo 2025 en un acto que se realiz\u00f3 en la Escuela T\u00e9cnica Construcciones Portuarias y V\u00edas Navegables que se encuentra en la avenida Juan Torres de Vera y Arag\u00f3n 1387 de esta capital.<\/p>\n\n\n\n<p><\/p>\n\n\n\n<p><\/p>\n\n\n\n<p>Esta instituci\u00f3n atraviesa su \u00faltimo tramo de obra y desde el Gobierno de la provincia destacaron el crecimiento de la matr\u00edcula y la visi\u00f3n de futuro que tuvieron los que trabajaron en el proyecto, que hoy se encuentra en el 98 por ciento de obra. &#8220;Esta escuela es un hito y es un hito porque ha costado mucho tiempo y hemos tenido sobresaltos&#8221;, precis\u00f3 en su mensaje el gobernador.&nbsp;<\/p>\n\n\n\n<p>&#8220;Esta escuela arranc\u00f3 con inconvenientes. El primer inconveniente que tuvimos era que la Municipalidad de la Ciudad de Corrientes no permit\u00eda que est\u00e9 en este lugar una escuela de estas caracter\u00edsticas y que la quer\u00eda fundamentalmente sacar de ese lugar. Y eso fue verdaderamente importante porque fue tomar la decisi\u00f3n de d\u00f3nde \u00edbamos a hacer la escuela. Pero para eso ten\u00edamos que tener en la cabeza qu\u00e9 era lo que \u00edbamos a hacer nosotros con las construcciones portuarias, con los puertos. Si \u00edbamos a tener futuro para poder incorporar a todos nuestros alumnos secundarios en este establecimiento y con esta especialidad&#8221;, indic\u00f3<\/p>\n\n\n\n<figure class=\"wp-block-image size-full\"><img loading=\"lazy\" decoding=\"async\" width=\"715\" height=\"641\" src=\"https:\/\/corrientesdetarde.com\/wp-content\/uploads\/2025\/03\/image-66.png\" alt=\"\" class=\"wp-image-194645\" srcset=\"https:\/\/corrientesdetarde.com\/wp-content\/uploads\/2025\/03\/image-66.png 715w, https:\/\/corrientesdetarde.com\/wp-content\/uploads\/2025\/03\/image-66-300x269.png 300w\" sizes=\"auto, (max-width: 715px) 100vw, 715px\" \/><\/figure>\n\n\n\n<p>&#8220;Dec\u00edan que era algo que estaba terminado y aquel 18, cuando habl\u00e1bamos con los profesores, alumnos, yo les dec\u00eda que cre\u00eda enormemente en la posibilidad de reactivar nuestras v\u00edas navegables. Con algunas variantes porque ten\u00edamos que discutir, pero no nos equivocamos y decidimos hacer en este lugar, con ese compromiso, la escuela de construcciones portuarias y v\u00edas navegables y hoy estamos inaugurando la escuela m\u00e1s importante de la Provincia de Corrientes con estas caracter\u00edsticas&#8221;, resalt\u00f3.<\/p>\n","protected":false},"excerpt":{"rendered":"<p>En la ma\u00f1ana de este mi\u00e9rcoles 5 de marzo, el gobernador de la provincia, Gustavo Vald\u00e9s, junto a la ministra de Educaci\u00f3n, Pr\u00e1xedes L\u00f3pez, dejaron inaugurado el ciclo lectivo 2025&hellip; <\/p>\n","protected":false},"author":1,"featured_media":194650,"comment_status":"closed","ping_status":"open","sticky":false,"template":"","format":"standard","meta":{"footnotes":""},"categories":[26,32],"tags":[],"class_list":["post-194634","post","type-post","status-publish","format-standard","has-post-thumbnail","hentry","category-destacados","category-educacion"],"_links":{"self":[{"href":"https:\/\/corrientesdetarde.com\/index.php\/wp-json\/wp\/v2\/posts\/194634","targetHints":{"allow":["GET"]}}],"collection":[{"href":"https:\/\/corrientesdetarde.com\/index.php\/wp-json\/wp\/v2\/posts"}],"about":[{"href":"https:\/\/corrientesdetarde.com\/index.php\/wp-json\/wp\/v2\/types\/post"}],"author":[{"embeddable":true,"href":"https:\/\/corrientesdetarde.com\/index.php\/wp-json\/wp\/v2\/users\/1"}],"replies":[{"embeddable":true,"href":"https:\/\/corrientesdetarde.com\/index.php\/wp-json\/wp\/v2\/comments?post=194634"}],"version-history":[{"count":2,"href":"https:\/\/corrientesdetarde.com\/index.php\/wp-json\/wp\/v2\/posts\/194634\/revisions"}],"predecessor-version":[{"id":194651,"href":"https:\/\/corrientesdetarde.com\/index.php\/wp-json\/wp\/v2\/posts\/194634\/revisions\/194651"}],"wp:featuredmedia":[{"embeddable":true,"href":"https:\/\/corrientesdetarde.com\/index.php\/wp-json\/wp\/v2\/media\/194650"}],"wp:attachment":[{"href":"https:\/\/corrientesdetarde.com\/index.php\/wp-json\/wp\/v2\/media?parent=194634"}],"wp:term":[{"taxonomy":"category","embeddable":true,"href":"https:\/\/corrientesdetarde.com\/index.php\/wp-json\/wp\/v2\/categories?post=194634"},{"taxonomy":"post_tag","embeddable":true,"href":"https:\/\/corrientesdetarde.com\/index.php\/wp-json\/wp\/v2\/tags?post=194634"}],"curies":[{"name":"wp","href":"https:\/\/api.w.org\/{rel}","templated":true}]}}