{"id":194635,"date":"2025-03-05T10:39:07","date_gmt":"2025-03-05T13:39:07","guid":{"rendered":"https:\/\/corrientesdetarde.com\/?p=194635"},"modified":"2025-03-05T10:39:12","modified_gmt":"2025-03-05T13:39:12","slug":"filmo-a-su-hijo-de-siete-anos-manejando-y-seguridad-vial-le-quito-la-licencia","status":"publish","type":"post","link":"https:\/\/corrientesdetarde.com\/index.php\/crimen-y-justicia\/filmo-a-su-hijo-de-siete-anos-manejando-y-seguridad-vial-le-quito-la-licencia\/","title":{"rendered":"Film\u00f3 a su hijo de siete a\u00f1os manejando y Seguridad Vial le quit\u00f3 la licencia"},"content":{"rendered":"\n<p>La Agencia Nacional de Seguridad Vial (Ansv) inform\u00f3 que el martes tom\u00f3 medidas contra el hombre que permiti\u00f3 a su hijo menor de edad manejar poniendo en riesgo sus propias vidas y las de terceros. El hecho ocurri\u00f3 en la localidad de Jos\u00e9 C. Paz, provincia de Buenos Aires. El hombre film\u00f3 lo ocurrido y lo difundi\u00f3 en sus redes sociales, provocando indignaci\u00f3n general por la imprudencia.<\/p>\n\n\n\n<p>El video se hizo viral y tom\u00f3 tanta relevancia que la Ansv tom\u00f3 cartas en el asunto. Tras identificar al hombre, la entidad solicit\u00f3 la suspensi\u00f3n de su licencia de conducir y lo denunci\u00f3 por su irresponsabilidad, al poner en riesgo su vida, la de su familia y la de otros conductores que circulaban en ese momento.<\/p>\n\n\n\n<p>En las im\u00e1genes del video se observa que el ni\u00f1o, de aproximadamente 7 a\u00f1os, ni siquiera lleva puesto el cintur\u00f3n de seguridad. El responsable, un hombre de 27 a\u00f1os con Licencia Nacional de Conducir registrada en General San Mart\u00edn, comparti\u00f3 la grabaci\u00f3n en sus redes sociales.<\/p>\n\n\n\n<p>La Ansv solicit\u00f3 su inhabilitaci\u00f3n ante las autoridades competentes para que sea reevaluado y demuestre mediante los ex\u00e1menes que no representa un peligro en la v\u00eda p\u00fablica. Adem\u00e1s, present\u00f3 una denuncia ante el Juzgado de Faltas de Jos\u00e9 C. Paz para que se determine la sanci\u00f3n correspondiente por estas violaciones a las normas de tr\u00e1nsito.<\/p>\n","protected":false},"excerpt":{"rendered":"<p>La Agencia Nacional de Seguridad Vial (Ansv) inform\u00f3 que el martes tom\u00f3 medidas contra el hombre que permiti\u00f3 a su hijo menor de edad manejar poniendo en riesgo sus propias&hellip; <\/p>\n","protected":false},"author":1,"featured_media":194643,"comment_status":"closed","ping_status":"open","sticky":false,"template":"","format":"standard","meta":{"footnotes":""},"categories":[5],"tags":[],"class_list":["post-194635","post","type-post","status-publish","format-standard","has-post-thumbnail","hentry","category-crimen-y-justicia"],"_links":{"self":[{"href":"https:\/\/corrientesdetarde.com\/index.php\/wp-json\/wp\/v2\/posts\/194635","targetHints":{"allow":["GET"]}}],"collection":[{"href":"https:\/\/corrientesdetarde.com\/index.php\/wp-json\/wp\/v2\/posts"}],"about":[{"href":"https:\/\/corrientesdetarde.com\/index.php\/wp-json\/wp\/v2\/types\/post"}],"author":[{"embeddable":true,"href":"https:\/\/corrientesdetarde.com\/index.php\/wp-json\/wp\/v2\/users\/1"}],"replies":[{"embeddable":true,"href":"https:\/\/corrientesdetarde.com\/index.php\/wp-json\/wp\/v2\/comments?post=194635"}],"version-history":[{"count":1,"href":"https:\/\/corrientesdetarde.com\/index.php\/wp-json\/wp\/v2\/posts\/194635\/revisions"}],"predecessor-version":[{"id":194644,"href":"https:\/\/corrientesdetarde.com\/index.php\/wp-json\/wp\/v2\/posts\/194635\/revisions\/194644"}],"wp:featuredmedia":[{"embeddable":true,"href":"https:\/\/corrientesdetarde.com\/index.php\/wp-json\/wp\/v2\/media\/194643"}],"wp:attachment":[{"href":"https:\/\/corrientesdetarde.com\/index.php\/wp-json\/wp\/v2\/media?parent=194635"}],"wp:term":[{"taxonomy":"category","embeddable":true,"href":"https:\/\/corrientesdetarde.com\/index.php\/wp-json\/wp\/v2\/categories?post=194635"},{"taxonomy":"post_tag","embeddable":true,"href":"https:\/\/corrientesdetarde.com\/index.php\/wp-json\/wp\/v2\/tags?post=194635"}],"curies":[{"name":"wp","href":"https:\/\/api.w.org\/{rel}","templated":true}]}}