{"id":194653,"date":"2025-03-05T11:43:36","date_gmt":"2025-03-05T14:43:36","guid":{"rendered":"https:\/\/corrientesdetarde.com\/?p=194653"},"modified":"2025-03-05T11:43:40","modified_gmt":"2025-03-05T14:43:40","slug":"salud-publica-insta-a-completar-esquemas-de-vacunacion","status":"publish","type":"post","link":"https:\/\/corrientesdetarde.com\/index.php\/bienestar-y-salud\/salud-publica-insta-a-completar-esquemas-de-vacunacion\/","title":{"rendered":"Salud P\u00fablica insta a completar esquemas de vacunaci\u00f3n"},"content":{"rendered":"\n<p><em>En el marco del inicio escolar, la Direcci\u00f3n de Inmunizaciones recuerda que las dosis del\u00a0Calendario\u00a0Obligatorio est\u00e1n disponibles en los vacunatorios de toda la provincia.<\/em><\/p>\n\n\n\n<p><\/p>\n\n\n\n<p>El Ministerio de Salud P\u00fablica, a cargo de Ricardo Cardozo, insta a los tutores a completar los esquemas de vacunaci\u00f3n de ni\u00f1os, ni\u00f1as y adolescentes. Desde la cartera sanitaria, se informa que est\u00e1n las dosis disponibles en todos los vacunatorios de la provincia.&nbsp;<br>\u201cTenemos que incentivar que los padres controlen s\u00ed tienen completo el&nbsp;calendario&nbsp;de vacunaci\u00f3n y, si no, que se acerquen a los vacunatorios en Capital e interior. Pedimos que aprovechen estas semanas que est\u00e1n realizando los estudios correspondientes para el ingreso escolar\u201d, coment\u00f3 la directora de Inmunizaciones,&nbsp;Marina Cantero.&nbsp;<br>Al mismo tiempo, indic\u00f3 que \u201cpueden acercarse a los hospitales u otros centros de salud\u201d y remarc\u00f3 que \u201cun ni\u00f1o con el esquema de vacunas completo, es un ni\u00f1o sano\u201d.&nbsp;<br>Las vacunas que deben colocarse a los 5 a\u00f1os son: 1\u00b0 IPV; 2\u00b0 dosis de Triple Viral; 2\u00b0 Varicela; y 2\u00b0 Triple Bacteriana Celular.&nbsp;<br>A los 11 a\u00f1os, una \u00fanica dosis de Meningococo (ACYW); refuerzo de la Triple Bacteriana Acelular; \u00fanica dosis del Virus Papiloma Humano y, refuerzo de Fiebre Amarilla.&nbsp;<br>En la p\u00e1gina del Ministerio de Salud de la Naci\u00f3n, est\u00e1 el&nbsp;Calendario&nbsp;Nacional de Vacunaci\u00f3n donde pueden controlar que tengan todas seg\u00fan la edad. Las dosis est\u00e1n disponibles en centros de salud y hospitales p\u00fablicos de todo el pa\u00eds y no requieren una orden m\u00e9dica.<\/p>\n","protected":false},"excerpt":{"rendered":"<p>En el marco del inicio escolar, la Direcci\u00f3n de Inmunizaciones recuerda que las dosis del\u00a0Calendario\u00a0Obligatorio est\u00e1n disponibles en los vacunatorios de toda la provincia. El Ministerio de Salud P\u00fablica, a&hellip; <\/p>\n","protected":false},"author":1,"featured_media":194658,"comment_status":"closed","ping_status":"open","sticky":false,"template":"","format":"standard","meta":{"footnotes":""},"categories":[16],"tags":[],"class_list":["post-194653","post","type-post","status-publish","format-standard","has-post-thumbnail","hentry","category-bienestar-y-salud"],"_links":{"self":[{"href":"https:\/\/corrientesdetarde.com\/index.php\/wp-json\/wp\/v2\/posts\/194653","targetHints":{"allow":["GET"]}}],"collection":[{"href":"https:\/\/corrientesdetarde.com\/index.php\/wp-json\/wp\/v2\/posts"}],"about":[{"href":"https:\/\/corrientesdetarde.com\/index.php\/wp-json\/wp\/v2\/types\/post"}],"author":[{"embeddable":true,"href":"https:\/\/corrientesdetarde.com\/index.php\/wp-json\/wp\/v2\/users\/1"}],"replies":[{"embeddable":true,"href":"https:\/\/corrientesdetarde.com\/index.php\/wp-json\/wp\/v2\/comments?post=194653"}],"version-history":[{"count":1,"href":"https:\/\/corrientesdetarde.com\/index.php\/wp-json\/wp\/v2\/posts\/194653\/revisions"}],"predecessor-version":[{"id":194659,"href":"https:\/\/corrientesdetarde.com\/index.php\/wp-json\/wp\/v2\/posts\/194653\/revisions\/194659"}],"wp:featuredmedia":[{"embeddable":true,"href":"https:\/\/corrientesdetarde.com\/index.php\/wp-json\/wp\/v2\/media\/194658"}],"wp:attachment":[{"href":"https:\/\/corrientesdetarde.com\/index.php\/wp-json\/wp\/v2\/media?parent=194653"}],"wp:term":[{"taxonomy":"category","embeddable":true,"href":"https:\/\/corrientesdetarde.com\/index.php\/wp-json\/wp\/v2\/categories?post=194653"},{"taxonomy":"post_tag","embeddable":true,"href":"https:\/\/corrientesdetarde.com\/index.php\/wp-json\/wp\/v2\/tags?post=194653"}],"curies":[{"name":"wp","href":"https:\/\/api.w.org\/{rel}","templated":true}]}}