{"id":194661,"date":"2025-03-05T14:03:26","date_gmt":"2025-03-05T17:03:26","guid":{"rendered":"https:\/\/corrientesdetarde.com\/?p=194661"},"modified":"2025-03-05T14:03:29","modified_gmt":"2025-03-05T17:03:29","slug":"hoy-es-el-dia-del-motociclista-argentino-subirte-a-una-moto-no-te-hace-motero","status":"publish","type":"post","link":"https:\/\/corrientesdetarde.com\/index.php\/informacion-general\/hoy-es-el-dia-del-motociclista-argentino-subirte-a-una-moto-no-te-hace-motero\/","title":{"rendered":"Hoy es el D\u00eda del Motociclista Argentino: \u201cSubirte a una moto no te hace motero\u201d"},"content":{"rendered":"\n<p>Cada 5 de marzo se celebra en\u00a0<strong>Argentina<\/strong>\u00a0el\u00a0<strong>D\u00eda del Motociclista<\/strong>\u00a0en<strong>\u00a0homenaje a Jos\u00e9 Luis Carlessi Manzanares<\/strong>, conocido como\u00a0<strong>\u201cel Conde Javornovich\u201d<\/strong>, quien recorri\u00f3 el pa\u00eds llevando\u00a0<strong>repuestos de motos a talleres mec\u00e1nicos<\/strong>. Esta jornada no solo busca reconocer la\u00a0<strong>pasi\u00f3n por las motocicletas<\/strong>, sino tambi\u00e9n\u00a0<strong>generar conciencia sobre la conducci\u00f3n segura y responsable.<\/strong><\/p>\n\n\n\n<p><\/p>\n\n\n\n<ul class=\"wp-block-list\">\n<li>Esta conmemoraci\u00f3n se diferencia del &#8220;<strong>D\u00eda del Motociclista Deportivo<\/strong>&#8220;, que se celebra cada 15 de octubre, al recordar la victoria que logr\u00f3\u00a0<strong>Jorge Kissling\u00a0<\/strong>en la primera visita del\u00a0<strong>Mundial de Motociclismo<\/strong>\u00a0(hoy MotoGP) a nuestro pa\u00eds.<\/li>\n<\/ul>\n\n\n\n<p><strong>Andar en moto es una experiencia \u00fanica que ofrece ventajas en la movilidad<\/strong>, especialmente en ciudades con&nbsp;<strong>tr\u00e1nsito intenso<\/strong>. Sin embargo,&nbsp;<strong>el uso irresponsable de las motocicletas puede convertirlas en un peligro&nbsp;<\/strong>tanto para los conductores como para terceros. Por ese motivo, hoy es una oportunidad para<strong>&nbsp;reflexionar sobre la importancia de respetar las normas de tr\u00e1nsito y adoptar buenas pr\u00e1cticas de conducci\u00f3n.<\/strong><\/p>\n\n\n\n<p>\u201cSubirte a una moto no te hace motero. Ser motero es<strong>&nbsp;respetar las normas<\/strong>, es poner en alto el&nbsp;<strong>esp\u00edritu de camarader\u00eda<\/strong>&nbsp;que caracteriza a quienes aman andar en dos ruedas\u201d, afirman los entendidos en el tema. Bajo esta premisa,<strong>&nbsp;es fundamental conocer y aplicar medidas de seguridad&nbsp;<\/strong>que reduzcan los&nbsp;<strong>altos niveles de siniestralidad entre los motociclistas<\/strong>, uno de los grupos m\u00e1s vulnerables en la v\u00eda p\u00fablica.<\/p>\n\n\n\n<figure class=\"wp-block-image\"><img decoding=\"async\" src=\"https:\/\/uscdn.eltribuno.com\/032025\/1741185087782\/MOTO%203.jpg?cw=950\" alt=\"Hoy es el D\u00eda del Motociclista Argentino: \u201cSubirte a una moto no te hace motero\u201d\" title=\"Hoy es el D\u00eda del Motociclista Argentino: \u201cSubirte a una moto no te hace motero\u201d-\"\/><\/figure>\n\n\n\n<p>Es tambi\u00e9n una buena ocasi\u00f3n para traer a la memoria a motociclistas reconocidos de Capital y del interior de la provincia, como&nbsp;<strong>Adolfo \u201cBuby\u201d Del Castillo<\/strong>, vecino de&nbsp;<strong>Tres Cerritos<\/strong>, quien cumpli\u00f3 uno de sus sue\u00f1os m\u00e1s anhelados: cubrir los casi 5.200 km de la m\u00edtica&nbsp;<strong>ruta 40&nbsp;<\/strong>a bordo de su&nbsp;<strong>motocicleta<\/strong>.<\/p>\n\n\n\n<figure class=\"wp-block-image\"><img decoding=\"async\" src=\"https:\/\/uscdn.eltribuno.com\/032025\/1741185557447\/luis.jpg?cw=950\" alt=\"Hoy es el D\u00eda del Motociclista Argentino: \u201cSubirte a una moto no te hace motero\u201d\" title=\"Hoy es el D\u00eda del Motociclista Argentino: \u201cSubirte a una moto no te hace motero\u201d-\"\/><\/figure>\n\n\n\n<p>Tambi\u00e9n a moteros que a fines de los 80 y principios de los<strong>&nbsp;90<\/strong>&nbsp;pusieron a las motocicletas en lo m\u00e1s alto, como&nbsp;<strong>Carlitos Castiella, Jos\u00e9 Dottori, Mauro Fern\u00e1ndez, Daniel D\u00edaz, &#8220;Negraco&#8221; Echaz\u00fa, Luigi Belloto, el &#8220;Flaco&#8221; Arjona<\/strong>, el&nbsp;<strong>&#8220;Gordo&#8221;<\/strong>&nbsp;<strong>Jos\u00e9 Mar\u00eda Rico<\/strong>,<strong>&nbsp;Marcelo el &#8220;Pescao&#8221; Lenes<\/strong>,&nbsp;entre otros tantos.<\/p>\n\n\n\n<figure class=\"wp-block-image\"><img decoding=\"async\" src=\"https:\/\/uscdn.eltribuno.com\/032025\/1741185016534\/MOTO%202.jpg?cw=950\" alt=\"Hoy es el D\u00eda del Motociclista Argentino: \u201cSubirte a una moto no te hace motero\u201d\" title=\"Hoy es el D\u00eda del Motociclista Argentino: \u201cSubirte a una moto no te hace motero\u201d-\"\/><\/figure>\n\n\n\n<h2 class=\"wp-block-heading\">Recomendaciones para una conducci\u00f3n segura<\/h2>\n\n\n\n<p><strong>1. Uso obligatorio del casco<\/strong>&nbsp;El casco es el elemento de seguridad m\u00e1s importante. Su uso reduce en un 42% la posibilidad de morir en un accidente y en un 69% la posibilidad de sufrir lesiones graves en el cr\u00e1neo. Debe ser de buena calidad, no estar vencido, ser de la medida correcta y estar bien ajustado.<\/p>\n\n\n\n<p><strong>2. Respetar los l\u00edmites de velocidad<\/strong><\/p>\n\n\n\n<ul class=\"wp-block-list\">\n<li>En calles urbanas: 40 km\/h.<\/li>\n\n\n\n<li>En avenidas: 60 km\/h.<\/li>\n\n\n\n<li>En zonas cercanas a escuelas o clubes: 30 km\/h.<\/li>\n\n\n\n<li>En pasos a nivel sin barrera: 20 km\/h.<\/li>\n<\/ul>\n\n\n\n<p><strong>3. Mantenimiento del veh\u00edculo:<\/strong>&nbsp;realizar controles peri\u00f3dicos para verificar el estado de los neum\u00e1ticos, el nivel de aceites, el funcionamiento de luces y bocina. Adem\u00e1s, es recomendable realizar la inspecci\u00f3n t\u00e9cnica&nbsp;para garantizar que la moto est\u00e9 en \u00f3ptimas condiciones.<\/p>\n\n\n\n<p><strong>4. Evitar maniobras peligrosas:<\/strong>&nbsp;zigzaguear entre autos aumenta el riesgo de accidentes. Se recomienda circular en l\u00ednea recta y evitar viajar detr\u00e1s de veh\u00edculos pesados que obstaculicen la visi\u00f3n del camino.<\/p>\n\n\n\n<p><strong>5. Mantener la distancia de seguridad:<\/strong>&nbsp;si el veh\u00edculo delantero frena de manera brusca, el motociclista debe contar con suficiente espacio para reaccionar a tiempo y evitar una colisi\u00f3n.<\/p>\n\n\n\n<p><strong>6. Frenado correcto:<\/strong>&nbsp;se recomienda aplicar un 70% de la fuerza de frenado en la rueda delantera y un 30% en la trasera. Esto garantiza una detenci\u00f3n segura y reduce el riesgo de derrapes, especialmente en terrenos de poca adherencia.<\/p>\n\n\n\n<p><strong>7. Conocer y respetar las normas de tr\u00e1nsito:<\/strong>&nbsp;cumplir con las leyes viales no solo protege la vida del motociclista, sino tambi\u00e9n la de peatones y otros conductores. Estar informado sobre las normativas permite una conducci\u00f3n m\u00e1s segura y confiada.<\/p>\n\n\n\n<p>Este<strong>\u00a0D\u00eda del Motociclista Argentino<\/strong>\u00a0es una ocasi\u00f3n ideal para reflexionar sobre la importancia de la seguridad vial. La motocicleta es una herramienta de movilidad eficiente, pero su uso debe ir acompa\u00f1ado de responsabilidad, respeto y compromiso con la vida propia y la de los dem\u00e1s. Como dice el dicho: \u201cM\u00e1s vale perder un minuto en la vida, que la vida en un minuto\u201d.<\/p>\n\n\n\n<figure class=\"wp-block-image size-large\"><img loading=\"lazy\" decoding=\"async\" width=\"1024\" height=\"504\" src=\"https:\/\/corrientesdetarde.com\/wp-content\/uploads\/2025\/03\/image-73-1024x504.png\" alt=\"\" class=\"wp-image-194663\" srcset=\"https:\/\/corrientesdetarde.com\/wp-content\/uploads\/2025\/03\/image-73-1024x504.png 1024w, https:\/\/corrientesdetarde.com\/wp-content\/uploads\/2025\/03\/image-73-300x148.png 300w, https:\/\/corrientesdetarde.com\/wp-content\/uploads\/2025\/03\/image-73-768x378.png 768w, https:\/\/corrientesdetarde.com\/wp-content\/uploads\/2025\/03\/image-73-1536x756.png 1536w, https:\/\/corrientesdetarde.com\/wp-content\/uploads\/2025\/03\/image-73.png 2000w\" sizes=\"auto, (max-width: 1024px) 100vw, 1024px\" \/><\/figure>\n","protected":false},"excerpt":{"rendered":"<p>Cada 5 de marzo se celebra en\u00a0Argentina\u00a0el\u00a0D\u00eda del Motociclista\u00a0en\u00a0homenaje a Jos\u00e9 Luis Carlessi Manzanares, conocido como\u00a0\u201cel Conde Javornovich\u201d, quien recorri\u00f3 el pa\u00eds llevando\u00a0repuestos de motos a talleres mec\u00e1nicos. Esta jornada&hellip; <\/p>\n","protected":false},"author":1,"featured_media":194662,"comment_status":"closed","ping_status":"open","sticky":false,"template":"","format":"standard","meta":{"footnotes":""},"categories":[1],"tags":[],"class_list":["post-194661","post","type-post","status-publish","format-standard","has-post-thumbnail","hentry","category-informacion-general"],"_links":{"self":[{"href":"https:\/\/corrientesdetarde.com\/index.php\/wp-json\/wp\/v2\/posts\/194661","targetHints":{"allow":["GET"]}}],"collection":[{"href":"https:\/\/corrientesdetarde.com\/index.php\/wp-json\/wp\/v2\/posts"}],"about":[{"href":"https:\/\/corrientesdetarde.com\/index.php\/wp-json\/wp\/v2\/types\/post"}],"author":[{"embeddable":true,"href":"https:\/\/corrientesdetarde.com\/index.php\/wp-json\/wp\/v2\/users\/1"}],"replies":[{"embeddable":true,"href":"https:\/\/corrientesdetarde.com\/index.php\/wp-json\/wp\/v2\/comments?post=194661"}],"version-history":[{"count":1,"href":"https:\/\/corrientesdetarde.com\/index.php\/wp-json\/wp\/v2\/posts\/194661\/revisions"}],"predecessor-version":[{"id":194664,"href":"https:\/\/corrientesdetarde.com\/index.php\/wp-json\/wp\/v2\/posts\/194661\/revisions\/194664"}],"wp:featuredmedia":[{"embeddable":true,"href":"https:\/\/corrientesdetarde.com\/index.php\/wp-json\/wp\/v2\/media\/194662"}],"wp:attachment":[{"href":"https:\/\/corrientesdetarde.com\/index.php\/wp-json\/wp\/v2\/media?parent=194661"}],"wp:term":[{"taxonomy":"category","embeddable":true,"href":"https:\/\/corrientesdetarde.com\/index.php\/wp-json\/wp\/v2\/categories?post=194661"},{"taxonomy":"post_tag","embeddable":true,"href":"https:\/\/corrientesdetarde.com\/index.php\/wp-json\/wp\/v2\/tags?post=194661"}],"curies":[{"name":"wp","href":"https:\/\/api.w.org\/{rel}","templated":true}]}}