{"id":19467,"date":"2022-11-14T10:26:16","date_gmt":"2022-11-14T13:26:16","guid":{"rendered":"https:\/\/corrientesdetarde.com\/?p=19467"},"modified":"2022-11-14T10:26:20","modified_gmt":"2022-11-14T13:26:20","slug":"el-bayern-munich-anuncio-que-martin-demichelis-sera-el-nuevo-entrenador-de-river-plate","status":"publish","type":"post","link":"https:\/\/corrientesdetarde.com\/index.php\/deportes\/el-bayern-munich-anuncio-que-martin-demichelis-sera-el-nuevo-entrenador-de-river-plate\/","title":{"rendered":"El Bayern M\u00fanich anunci\u00f3 que Mart\u00edn Demichelis ser\u00e1 el nuevo entrenador de River Plate"},"content":{"rendered":"\n<h4 class=\"wp-block-heading\">El club alem\u00e1n se anticip\u00f3 a la confirmaci\u00f3n de la instituci\u00f3n de N\u00fa\u00f1ez y confirm\u00f3 que el ex jugador del Millonario ser\u00e1 el reemplazante de Marcelo Gallardo<\/h4>\n\n\n\n<p>Un anunci\u00f3 sorprendi\u00f3 a\u00a0<strong>River Plate\u00a0<\/strong>el d\u00eda despu\u00e9s de la despedida de\u00a0<strong>Marcelo Gallardo<\/strong>. E<strong>l Bayern M\u00fanich confirm\u00f3 que Mart\u00edn Demichelis deja el club alem\u00e1n para transformarse en el nuevo entrenador del Millonario<\/strong>.<\/p>\n\n\n\n<p>A trav\u00e9s de un comunicado que difundi\u00f3 en sus diferentes redes sociales, se hizo oficial la despedida del ex jugador del conjunto b\u00e1varo. \u201cEl FC Bayern y Mart\u00edn Demichelis han acordado que el t\u00e9cnico del FCB Amateur se cambie a River Plate a petici\u00f3n propia para ocupar all\u00ed el puesto de t\u00e9cnico. Su sucesor ser\u00e1 su antecesor Holger Seitz\u201d, indic\u00f3 el reporte.<\/p>\n\n\n\n<p>Al mismo tiempo, en declaraciones al sitio oficial del Bayern, Demichelis agradeci\u00f3 al club por su paso antes de convertirse en el reemplazante de Gallardo. \u201c<strong>Llegu\u00e9 a Europa como jugador de River al Bayern, ahora voy por el camino contrario como entrenador. \u00a1Qu\u00e9 incre\u00edble historia!<\/strong>\u00a0Estoy orgulloso de haber sido parte de la familia del FC Bayern dos veces y me gustar\u00eda agradecer a todos los que hicieron esto posible para m\u00ed y me apoyaron. Me voy de este club con mucha gratitud en mi coraz\u00f3n y ahora espero con ansias la gran tarea en mi segundo club del coraz\u00f3n\u201d, dijo el ex defensor de 41 a\u00f1os.<\/p>\n\n\n\n<p>Si bien todos los caminos conduc\u00edan a que el cordob\u00e9s iba a ser el DT que se iba a ser cargo del plantel profesional luego de la despedida del\u00a0<em>Mu\u00f1eco<\/em>, el anunci\u00f3 sorprendi\u00f3 al mundo riverplatense a pocos d\u00edas del comienzo del Mundial de Qatar. Ahora, habr\u00e1 que esperar a la presentaci\u00f3n formal que har\u00e1 River Plate para conocer\u00a0<strong>c\u00f3mo estar\u00e1 conformado el resto del cuerpo t\u00e9cnico que tendr\u00e1 a su cargo Demichelis<\/strong>.<\/p>\n\n\n\n<p>\u201cMart\u00edn ha recibido una oferta para convertirse en entrenador en uno de los clubes m\u00e1s grandes de Sudam\u00e9rica.\u00a0<strong>No quer\u00edamos negarle esta oportunidad \u00fanica y accedimos a su deseo de rescindir su contrato<\/strong>. Todav\u00eda lamento su partida. Jugu\u00e9 con Mart\u00edn en un equipo del FC Bayern, tiene un car\u00e1cter recto y una idea clara de qu\u00e9 tipo de f\u00fatbol le gustar\u00eda jugar como entrenador. Tambi\u00e9n pretendemos desarrollar formadores en el campus. Mart\u00edn lo hizo muy bien con el Bayern y le deseamos mucho \u00e9xito en su regreso a River Plate\u201d, expres\u00f3 el director deportivo de la instituci\u00f3n alemana, Hasan Salihamid\u017ei\u0107.<\/p>\n","protected":false},"excerpt":{"rendered":"<p>El club alem\u00e1n se anticip\u00f3 a la confirmaci\u00f3n de la instituci\u00f3n de N\u00fa\u00f1ez y confirm\u00f3 que el ex jugador del Millonario ser\u00e1 el reemplazante de Marcelo Gallardo Un anunci\u00f3 sorprendi\u00f3&hellip; <\/p>\n","protected":false},"author":1,"featured_media":19468,"comment_status":"closed","ping_status":"open","sticky":false,"template":"","format":"standard","meta":{"footnotes":""},"categories":[4],"tags":[],"class_list":["post-19467","post","type-post","status-publish","format-standard","has-post-thumbnail","hentry","category-deportes"],"_links":{"self":[{"href":"https:\/\/corrientesdetarde.com\/index.php\/wp-json\/wp\/v2\/posts\/19467","targetHints":{"allow":["GET"]}}],"collection":[{"href":"https:\/\/corrientesdetarde.com\/index.php\/wp-json\/wp\/v2\/posts"}],"about":[{"href":"https:\/\/corrientesdetarde.com\/index.php\/wp-json\/wp\/v2\/types\/post"}],"author":[{"embeddable":true,"href":"https:\/\/corrientesdetarde.com\/index.php\/wp-json\/wp\/v2\/users\/1"}],"replies":[{"embeddable":true,"href":"https:\/\/corrientesdetarde.com\/index.php\/wp-json\/wp\/v2\/comments?post=19467"}],"version-history":[{"count":1,"href":"https:\/\/corrientesdetarde.com\/index.php\/wp-json\/wp\/v2\/posts\/19467\/revisions"}],"predecessor-version":[{"id":19469,"href":"https:\/\/corrientesdetarde.com\/index.php\/wp-json\/wp\/v2\/posts\/19467\/revisions\/19469"}],"wp:featuredmedia":[{"embeddable":true,"href":"https:\/\/corrientesdetarde.com\/index.php\/wp-json\/wp\/v2\/media\/19468"}],"wp:attachment":[{"href":"https:\/\/corrientesdetarde.com\/index.php\/wp-json\/wp\/v2\/media?parent=19467"}],"wp:term":[{"taxonomy":"category","embeddable":true,"href":"https:\/\/corrientesdetarde.com\/index.php\/wp-json\/wp\/v2\/categories?post=19467"},{"taxonomy":"post_tag","embeddable":true,"href":"https:\/\/corrientesdetarde.com\/index.php\/wp-json\/wp\/v2\/tags?post=19467"}],"curies":[{"name":"wp","href":"https:\/\/api.w.org\/{rel}","templated":true}]}}