{"id":19470,"date":"2022-11-14T10:47:18","date_gmt":"2022-11-14T13:47:18","guid":{"rendered":"https:\/\/corrientesdetarde.com\/?p=19470"},"modified":"2022-11-14T10:47:19","modified_gmt":"2022-11-14T13:47:19","slug":"un-hombre-murio-tras-chocar-con-su-moto-contra-un-auto-estacionado","status":"publish","type":"post","link":"https:\/\/corrientesdetarde.com\/index.php\/crimen-y-justicia\/un-hombre-murio-tras-chocar-con-su-moto-contra-un-auto-estacionado\/","title":{"rendered":"Un hombre muri\u00f3 tras chocar con su moto contra un auto estacionado"},"content":{"rendered":"\n<p>Un hombre muri\u00f3 tras chocar con su moto contra un auto estacionado en la ciudad de Corrientes, inform\u00f3 este lunes la Polic\u00eda.&nbsp;<\/p>\n\n\n\n<p>El tr\u00e1gico siniestro se registr\u00f3 el domingo por la noche en la avenida Santa Catalina, entre las calles Normand\u00eda y Maracaibo.&nbsp;<\/p>\n\n\n\n<p>Por razones que se tratan de establecer el sujeto guiaba un rodado, marca Rouser,&nbsp;e impact\u00f3 contra un veh\u00edculo Fiat Palio que estaba detenido en la avenida, detall\u00f3 la fuerza.&nbsp;<\/p>\n\n\n\n<p>Debido a las graves heridas, fue derivado al Hospital Escuela donde finalmente falleci\u00f3.&nbsp;<\/p>\n\n\n\n<p>La v\u00edctima fue identificada como Alberto Cardozo de 64 a\u00f1os.&nbsp;<\/p>\n\n\n\n<p>En el lugar se realizaron las diligencias del caso.&nbsp;<\/p>\n","protected":false},"excerpt":{"rendered":"<p>Un hombre muri\u00f3 tras chocar con su moto contra un auto estacionado en la ciudad de Corrientes, inform\u00f3 este lunes la Polic\u00eda.&nbsp; El tr\u00e1gico siniestro se registr\u00f3 el domingo por&hellip; <\/p>\n","protected":false},"author":4,"featured_media":19478,"comment_status":"closed","ping_status":"open","sticky":false,"template":"","format":"standard","meta":{"footnotes":""},"categories":[5],"tags":[],"class_list":["post-19470","post","type-post","status-publish","format-standard","has-post-thumbnail","hentry","category-crimen-y-justicia"],"_links":{"self":[{"href":"https:\/\/corrientesdetarde.com\/index.php\/wp-json\/wp\/v2\/posts\/19470","targetHints":{"allow":["GET"]}}],"collection":[{"href":"https:\/\/corrientesdetarde.com\/index.php\/wp-json\/wp\/v2\/posts"}],"about":[{"href":"https:\/\/corrientesdetarde.com\/index.php\/wp-json\/wp\/v2\/types\/post"}],"author":[{"embeddable":true,"href":"https:\/\/corrientesdetarde.com\/index.php\/wp-json\/wp\/v2\/users\/4"}],"replies":[{"embeddable":true,"href":"https:\/\/corrientesdetarde.com\/index.php\/wp-json\/wp\/v2\/comments?post=19470"}],"version-history":[{"count":1,"href":"https:\/\/corrientesdetarde.com\/index.php\/wp-json\/wp\/v2\/posts\/19470\/revisions"}],"predecessor-version":[{"id":19479,"href":"https:\/\/corrientesdetarde.com\/index.php\/wp-json\/wp\/v2\/posts\/19470\/revisions\/19479"}],"wp:featuredmedia":[{"embeddable":true,"href":"https:\/\/corrientesdetarde.com\/index.php\/wp-json\/wp\/v2\/media\/19478"}],"wp:attachment":[{"href":"https:\/\/corrientesdetarde.com\/index.php\/wp-json\/wp\/v2\/media?parent=19470"}],"wp:term":[{"taxonomy":"category","embeddable":true,"href":"https:\/\/corrientesdetarde.com\/index.php\/wp-json\/wp\/v2\/categories?post=19470"},{"taxonomy":"post_tag","embeddable":true,"href":"https:\/\/corrientesdetarde.com\/index.php\/wp-json\/wp\/v2\/tags?post=19470"}],"curies":[{"name":"wp","href":"https:\/\/api.w.org\/{rel}","templated":true}]}}