{"id":19475,"date":"2022-11-14T10:46:31","date_gmt":"2022-11-14T13:46:31","guid":{"rendered":"https:\/\/corrientesdetarde.com\/?p=19475"},"modified":"2022-11-14T10:46:33","modified_gmt":"2022-11-14T13:46:33","slug":"andres-calamaro-trae-su-rock-a-la-capital-correntina","status":"publish","type":"post","link":"https:\/\/corrientesdetarde.com\/index.php\/cultura\/andres-calamaro-trae-su-rock-a-la-capital-correntina\/","title":{"rendered":"Andr\u00e9s Calamaro trae su rock a la capital correntina"},"content":{"rendered":"\n<p>El show ser\u00e1 en el Anfiteatro Mario del Tr\u00e1nsito Cocomarola el 3 de diciembre.\u00a0El artista llega a la provincia tras agotar entradas en Mar del Plata, C\u00f3rdoba y Buenos Aires.\u00a0\u00a0<\/p>\n\n\n\n<p>Andr\u00e9s Calamaro, el m\u00fasico creador de m\u00e1s de 30 obras discogr\u00e1ficas, se presentar\u00e1 el 3 de diciembre en el Anfiteatro Cocomarola (avenida Sarmiento) de la capital correntina. El show llega al Tarag\u00fc\u00ed tras agotar entradas en Mar del Plata, C\u00f3rdoba y Buenos Aires.&nbsp;<\/p>\n\n\n\n<p>El creador de Alta Suciedad, Honestidad Brutal, La lengua Popular, viene a Corrientes acompa\u00f1ado por su banda integrada por German Wiedemer en teclados, Mariano Dom\u00ednguez en bajo, Juli\u00e1n Kanevsky en guitarras, y Mart\u00edn Bruhn.&nbsp;<\/p>\n\n\n\n<p>La buena repercusi\u00f3n de sus shows en Per\u00fa, Colombia y Uruguay, y los tickets agotados en las presentaciones realizadas en el centro de la Argentina, son el claro ejemplo de la vigencia que tiene esta figura en el pa\u00eds y el exterior.&nbsp;<\/p>\n\n\n\n<p>Calamaro se encuentra actualmente ensayando un repertorio que incluir\u00e1 los cl\u00e1sicos m\u00e1s a\u00f1orados por sus fans, as\u00ed como tambi\u00e9n algunas sorpresas a las que tiene acostumbrados a sus fan\u00e1ticos.&nbsp;<\/p>\n\n\n\n<p>En Corrientes, sobran las an\u00e9cdotas de presentaciones que realiz\u00f3 a fines de los 90 y 2019, por su buena llegada al p\u00fablico regional.&nbsp;<\/p>\n\n\n\n<p>Las entras se pueden adquirir en los siguientes puntos de venta: Que Sea Rock en Corrientes (Pellegrini 1501) y Opui en Resistencia (Mitre 225) a un valor de 6 mil pesos (solo en efectivo), y tambi\u00e9n se encuentra vigente la salida online a trav\u00e9s de tuentrada.com.&nbsp;<\/p>\n","protected":false},"excerpt":{"rendered":"<p>El show ser\u00e1 en el Anfiteatro Mario del Tr\u00e1nsito Cocomarola el 3 de diciembre.\u00a0El artista llega a la provincia tras agotar entradas en Mar del Plata, C\u00f3rdoba y Buenos Aires.\u00a0\u00a0&hellip; <\/p>\n","protected":false},"author":4,"featured_media":19476,"comment_status":"closed","ping_status":"open","sticky":false,"template":"","format":"standard","meta":{"footnotes":""},"categories":[15],"tags":[],"class_list":["post-19475","post","type-post","status-publish","format-standard","has-post-thumbnail","hentry","category-cultura"],"_links":{"self":[{"href":"https:\/\/corrientesdetarde.com\/index.php\/wp-json\/wp\/v2\/posts\/19475","targetHints":{"allow":["GET"]}}],"collection":[{"href":"https:\/\/corrientesdetarde.com\/index.php\/wp-json\/wp\/v2\/posts"}],"about":[{"href":"https:\/\/corrientesdetarde.com\/index.php\/wp-json\/wp\/v2\/types\/post"}],"author":[{"embeddable":true,"href":"https:\/\/corrientesdetarde.com\/index.php\/wp-json\/wp\/v2\/users\/4"}],"replies":[{"embeddable":true,"href":"https:\/\/corrientesdetarde.com\/index.php\/wp-json\/wp\/v2\/comments?post=19475"}],"version-history":[{"count":1,"href":"https:\/\/corrientesdetarde.com\/index.php\/wp-json\/wp\/v2\/posts\/19475\/revisions"}],"predecessor-version":[{"id":19477,"href":"https:\/\/corrientesdetarde.com\/index.php\/wp-json\/wp\/v2\/posts\/19475\/revisions\/19477"}],"wp:featuredmedia":[{"embeddable":true,"href":"https:\/\/corrientesdetarde.com\/index.php\/wp-json\/wp\/v2\/media\/19476"}],"wp:attachment":[{"href":"https:\/\/corrientesdetarde.com\/index.php\/wp-json\/wp\/v2\/media?parent=19475"}],"wp:term":[{"taxonomy":"category","embeddable":true,"href":"https:\/\/corrientesdetarde.com\/index.php\/wp-json\/wp\/v2\/categories?post=19475"},{"taxonomy":"post_tag","embeddable":true,"href":"https:\/\/corrientesdetarde.com\/index.php\/wp-json\/wp\/v2\/tags?post=19475"}],"curies":[{"name":"wp","href":"https:\/\/api.w.org\/{rel}","templated":true}]}}