{"id":194840,"date":"2025-03-06T00:14:31","date_gmt":"2025-03-06T03:14:31","guid":{"rendered":"https:\/\/corrientesdetarde.com\/?p=194840"},"modified":"2025-03-06T00:14:35","modified_gmt":"2025-03-06T03:14:35","slug":"corrientes-detuvieron-a-un-hombre-que-habria-abusado-y-embarazado-a-su-hija","status":"publish","type":"post","link":"https:\/\/corrientesdetarde.com\/index.php\/policiales\/corrientes-detuvieron-a-un-hombre-que-habria-abusado-y-embarazado-a-su-hija\/","title":{"rendered":"Corrientes: detuvieron a un hombre que habr\u00eda abusado y embarazado a su hija"},"content":{"rendered":"\n<p>Fuentes Judiciales confirmaron que en las \u00faltimas horas detuvieron a un hombre que est\u00e1 acusado de violar a su hija la cual habr\u00eda tenido hijos producto de los ultrajes. Seg\u00fan las primeras informaciones un hombre , oriundo de la primera secci\u00f3n Chacras de la ciudad de Santo Tom\u00e9 fue aprehendido y permanece alojado en la Alcaid\u00eda local porque pesa sobre \u00e9l una grav\u00edsima acusaci\u00f3n.<\/p>\n\n\n\n<p>Una de las hijas , revela la fuente , no aguant\u00f3 m\u00e1s los tormentos a la que era sometida por su propio padre durante a\u00f1os en la vivienda que compart\u00edan , junto a su abusador y otras hermanas y decidi\u00f3 concretar una denuncia .<\/p>\n\n\n\n<p>En la confesi\u00f3n y testimonio que la v\u00edctima brindo a la polic\u00eda local confes\u00f3 que su padre la violaba con acceso carnal y que fruto de esos abusos habr\u00eda quedado embarazada y dio a luz un ni\u00f1o.<\/p>\n\n\n\n<p>Despu\u00e9s del relato de la joven , inmediatamente y por orden de Fiscal\u00eda de Santo Tom\u00e9 de orden\u00f3 la inmediata detenci\u00f3n del sujeto acusado por \u00bb violaci\u00f3n agravada por acceso carnal y el v\u00ednculo.<\/p>\n","protected":false},"excerpt":{"rendered":"<p>Fuentes Judiciales confirmaron que en las \u00faltimas horas detuvieron a un hombre que est\u00e1 acusado de violar a su hija la cual habr\u00eda tenido hijos producto de los ultrajes. Seg\u00fan&hellip; <\/p>\n","protected":false},"author":4,"featured_media":194841,"comment_status":"closed","ping_status":"open","sticky":false,"template":"","format":"standard","meta":{"footnotes":""},"categories":[33],"tags":[],"class_list":["post-194840","post","type-post","status-publish","format-standard","has-post-thumbnail","hentry","category-policiales"],"_links":{"self":[{"href":"https:\/\/corrientesdetarde.com\/index.php\/wp-json\/wp\/v2\/posts\/194840","targetHints":{"allow":["GET"]}}],"collection":[{"href":"https:\/\/corrientesdetarde.com\/index.php\/wp-json\/wp\/v2\/posts"}],"about":[{"href":"https:\/\/corrientesdetarde.com\/index.php\/wp-json\/wp\/v2\/types\/post"}],"author":[{"embeddable":true,"href":"https:\/\/corrientesdetarde.com\/index.php\/wp-json\/wp\/v2\/users\/4"}],"replies":[{"embeddable":true,"href":"https:\/\/corrientesdetarde.com\/index.php\/wp-json\/wp\/v2\/comments?post=194840"}],"version-history":[{"count":1,"href":"https:\/\/corrientesdetarde.com\/index.php\/wp-json\/wp\/v2\/posts\/194840\/revisions"}],"predecessor-version":[{"id":194842,"href":"https:\/\/corrientesdetarde.com\/index.php\/wp-json\/wp\/v2\/posts\/194840\/revisions\/194842"}],"wp:featuredmedia":[{"embeddable":true,"href":"https:\/\/corrientesdetarde.com\/index.php\/wp-json\/wp\/v2\/media\/194841"}],"wp:attachment":[{"href":"https:\/\/corrientesdetarde.com\/index.php\/wp-json\/wp\/v2\/media?parent=194840"}],"wp:term":[{"taxonomy":"category","embeddable":true,"href":"https:\/\/corrientesdetarde.com\/index.php\/wp-json\/wp\/v2\/categories?post=194840"},{"taxonomy":"post_tag","embeddable":true,"href":"https:\/\/corrientesdetarde.com\/index.php\/wp-json\/wp\/v2\/tags?post=194840"}],"curies":[{"name":"wp","href":"https:\/\/api.w.org\/{rel}","templated":true}]}}