{"id":194843,"date":"2025-03-06T08:34:51","date_gmt":"2025-03-06T11:34:51","guid":{"rendered":"https:\/\/corrientesdetarde.com\/?p=194843"},"modified":"2025-03-06T09:53:08","modified_gmt":"2025-03-06T12:53:08","slug":"talleres-le-gano-por-penales-a-river-y-se-quedo-con-la-supercopa-internacional","status":"publish","type":"post","link":"https:\/\/corrientesdetarde.com\/index.php\/deportes\/talleres-le-gano-por-penales-a-river-y-se-quedo-con-la-supercopa-internacional\/","title":{"rendered":"TALLERES LE GAN\u00d3 POR PENALES A RIVER Y SE QUED\u00d3 CON LA SUPERCOPA INTERNACIONAL"},"content":{"rendered":"\n<p>(Corresponsal\u00eda Buenos Aires\/\/\/ Coco Ram\u00f3n) &#8211; Talleres se consagr\u00f3 campe\u00f3n por primera vez en el plano local!. La T se qued\u00f3 con la Supercopa Internacional ante River luego de imponerse por 3 a 2 en la tanda de penales tras el 0 a 0 en los 90&#8243; y el tiempo extra. \u00bfEl River de Gallardo? sigue sin aparecer y el club de N\u00fa\u00f1ez no pudo campeonar en los penales ni con Armani atajando dos remates y un desviado del rival&#8230;<\/p>\n\n\n\n<figure class=\"wp-block-embed is-type-video is-provider-youtube wp-block-embed-youtube wp-embed-aspect-16-9 wp-has-aspect-ratio\"><div class=\"wp-block-embed__wrapper\">\n<iframe loading=\"lazy\" title=\"TALLERES VENCIO A UN RIVER DESENFOCADO\" width=\"1110\" height=\"624\" src=\"https:\/\/www.youtube.com\/embed\/19EotYoaO4Q?feature=oembed\" frameborder=\"0\" allow=\"accelerometer; autoplay; clipboard-write; encrypted-media; gyroscope; picture-in-picture; web-share\" referrerpolicy=\"strict-origin-when-cross-origin\" allowfullscreen><\/iframe>\n<\/div><\/figure>\n\n\n\n<p>River volvi\u00f3 a jugar un flojo partido y Talleres tuvo las ocasiones m\u00e1s claras en una final que dej\u00f3 mucho que desear en lo futbol\u00edstico. Sin juego colectivo, T lastim\u00f3 con remates de media distancia, mientras que el Millonario de ninguna manera inquiet\u00f3 a Guido Herrera.<\/p>\n\n\n\n<p>Armani apareci\u00f3 dos veces ante Ulises Ortegoza (26&#8243; del primer tiempo y 27&#8243; del complemento) y una vez con Bebelo Reynoso (en el tiempo extra) cuando lo probaron con remates de larga distancia. Con menos posesi\u00f3n del bal\u00f3n, el Matador, que tambi\u00e9n tuvo un cabezazo clar\u00edsimo en el \u00e1rea de Girotti que se fue por arriba, estuvo m\u00e1s cerca de romper el cero en el marcador.<\/p>\n\n\n\n<p>Es que River solamente tuvo dos buenas aproximaciones (no ocasiones de gol) al arco de Talleres. Primero, Colidio tir\u00f3 un fant\u00e1stico centro para que Borja solo la empujara dentro del \u00e1rea, pero el colombiano no lleg\u00f3 ni se tir\u00f3 en busca de llegar a la pelota. Luego, el 9 con opci\u00f3n de rematar dentro del \u00e1rea amag\u00f3, toc\u00f3 atr\u00e1s para Colidio y \u00e9ste remat\u00f3 pero su tiro fue tapado.<\/p>\n\n\n\n<figure class=\"wp-block-embed is-type-video is-provider-youtube wp-block-embed-youtube wp-embed-aspect-16-9 wp-has-aspect-ratio\"><div class=\"wp-block-embed__wrapper\">\n<iframe loading=\"lazy\" title=\"TALLERES CAMPE\u00d3N DE LA #SupercopaInternacionalEnDSPORTS  | #River (2) 0 \u2013 0 (3) #Talleres | Resumen\" width=\"1110\" height=\"624\" src=\"https:\/\/www.youtube.com\/embed\/9P0J5fwer6M?feature=oembed\" frameborder=\"0\" allow=\"accelerometer; autoplay; clipboard-write; encrypted-media; gyroscope; picture-in-picture; web-share\" referrerpolicy=\"strict-origin-when-cross-origin\" allowfullscreen><\/iframe>\n<\/div><\/figure>\n\n\n\n<p>El River de Gallardo no apareci\u00f3 en los 120 minutos de la final. El Mu\u00f1eco no encuentra el equipo ni el funcionamiento a siete meses del inicio de su segundo ciclo en el club. Y ni en esta ocasi\u00f3n de mucha motivaci\u00f3n por haber un t\u00edtulo en juego se vio un aceptable desempe\u00f1o de su equipo.<\/p>\n\n\n\n<p>Tras el 0 a 0 en el partido que persisti\u00f3 en el tiempo extra, ocurri\u00f3 una incre\u00edble tanda de penales en Asunci\u00f3n. River comenz\u00f3 pateando y ambos erraron el primer tiro: Mat\u00edas Rojas (tap\u00f3 Herrera) y Bebelo Reynoso (por arriba del travesa\u00f1o) los ejecutantes. Luego, el Pity Mart\u00ednez y Mosqueira marcaron y se puso 1 a 1 la tanda. Armani toc\u00f3 el tiro del volante.<\/p>\n\n\n\n<p>Borja anot\u00f3 el 2-1 que se hizo realidad despu\u00e9s de que Armani tapara el tiro de Tarragona. Montiel fall\u00f3 pero todo sigui\u00f3 2-1 porque el Pulpo se volvi\u00f3 a hacer gigante ante Ortegoza. Quedaba el quinto para cada uno, pero incre\u00edblemente Colidio revent\u00f3 el travesa\u00f1o, Bustos puso el 2-2 y luego Lanzini le err\u00f3 al arco y Benav\u00eddez marc\u00f3 para \u00a1Talleres campe\u00f3n!<\/p>\n","protected":false},"excerpt":{"rendered":"<p>(Corresponsal\u00eda Buenos Aires\/\/\/ Coco Ram\u00f3n) &#8211; Talleres se consagr\u00f3 campe\u00f3n por primera vez en el plano local!. La T se qued\u00f3 con la Supercopa Internacional ante River luego de imponerse&hellip; <\/p>\n","protected":false},"author":1,"featured_media":194857,"comment_status":"closed","ping_status":"open","sticky":false,"template":"","format":"standard","meta":{"footnotes":""},"categories":[4],"tags":[],"class_list":["post-194843","post","type-post","status-publish","format-standard","has-post-thumbnail","hentry","category-deportes"],"_links":{"self":[{"href":"https:\/\/corrientesdetarde.com\/index.php\/wp-json\/wp\/v2\/posts\/194843","targetHints":{"allow":["GET"]}}],"collection":[{"href":"https:\/\/corrientesdetarde.com\/index.php\/wp-json\/wp\/v2\/posts"}],"about":[{"href":"https:\/\/corrientesdetarde.com\/index.php\/wp-json\/wp\/v2\/types\/post"}],"author":[{"embeddable":true,"href":"https:\/\/corrientesdetarde.com\/index.php\/wp-json\/wp\/v2\/users\/1"}],"replies":[{"embeddable":true,"href":"https:\/\/corrientesdetarde.com\/index.php\/wp-json\/wp\/v2\/comments?post=194843"}],"version-history":[{"count":2,"href":"https:\/\/corrientesdetarde.com\/index.php\/wp-json\/wp\/v2\/posts\/194843\/revisions"}],"predecessor-version":[{"id":194874,"href":"https:\/\/corrientesdetarde.com\/index.php\/wp-json\/wp\/v2\/posts\/194843\/revisions\/194874"}],"wp:featuredmedia":[{"embeddable":true,"href":"https:\/\/corrientesdetarde.com\/index.php\/wp-json\/wp\/v2\/media\/194857"}],"wp:attachment":[{"href":"https:\/\/corrientesdetarde.com\/index.php\/wp-json\/wp\/v2\/media?parent=194843"}],"wp:term":[{"taxonomy":"category","embeddable":true,"href":"https:\/\/corrientesdetarde.com\/index.php\/wp-json\/wp\/v2\/categories?post=194843"},{"taxonomy":"post_tag","embeddable":true,"href":"https:\/\/corrientesdetarde.com\/index.php\/wp-json\/wp\/v2\/tags?post=194843"}],"curies":[{"name":"wp","href":"https:\/\/api.w.org\/{rel}","templated":true}]}}