{"id":194844,"date":"2025-03-06T08:30:10","date_gmt":"2025-03-06T11:30:10","guid":{"rendered":"https:\/\/corrientesdetarde.com\/?p=194844"},"modified":"2025-03-06T08:31:54","modified_gmt":"2025-03-06T11:31:54","slug":"como-estara-el-clima-en-la-ciudad","status":"publish","type":"post","link":"https:\/\/corrientesdetarde.com\/index.php\/locales\/como-estara-el-clima-en-la-ciudad\/","title":{"rendered":"\u00bfC\u00f3mo estar\u00e1 el clima en la ciudad?"},"content":{"rendered":"\n<p>Un cambio brusco podr\u00eda llegar a la provincia, los pron\u00f3sticos indican temperaturas de entre 19\u00baC y 25\u00baC que se extender\u00e1n durante algunos d\u00edas.\u00a0<\/p>\n\n\n\n<figure class=\"wp-block-image size-full\"><img loading=\"lazy\" decoding=\"async\" width=\"770\" height=\"344\" src=\"https:\/\/corrientesdetarde.com\/wp-content\/uploads\/2025\/03\/image-137.png\" alt=\"\" class=\"wp-image-194851\" srcset=\"https:\/\/corrientesdetarde.com\/wp-content\/uploads\/2025\/03\/image-137.png 770w, https:\/\/corrientesdetarde.com\/wp-content\/uploads\/2025\/03\/image-137-300x134.png 300w, https:\/\/corrientesdetarde.com\/wp-content\/uploads\/2025\/03\/image-137-768x343.png 768w\" sizes=\"auto, (max-width: 770px) 100vw, 770px\" \/><\/figure>\n\n\n\n<p>En las \u00faltimas semanas el calor no da tregua en Corrientes, las temperaturas m\u00ednimas se mantienen en 33\u00baC y las m\u00e1ximas superan los 40\u00baC. Los pron\u00f3sticos indican que\u00a0<strong>a partir del domingo un brusco cambio de tiempo podr\u00eda llegar con temperaturas m\u00ednimas de 22\u00baC y m\u00e1ximas de 25\u00baC. Estas condiciones se podr\u00edan extender hasta el martes.\u00a0<\/strong><\/p>\n\n\n\n<p><a href=\"https:\/\/www.ellitoral.com.ar\/ciudad\/2025-3-4-21-54-0-corrientes-marco-un-record-y-tuvo-la-ola-de-calor-mas-larga-del-ano\"><\/a><\/p>\n\n\n\n<p>Lo cierto es que el tiempo caluroso continuar\u00e1 durante los pr\u00f3ximos d\u00edas en Corrientes, para este jueves se esperan temperaturas entre los 27\u00baC y los 40\u00baC, con vientos por el sector norte y tormentas aisladas de hasta un 40%.&nbsp;<\/p>\n\n\n\n<p>Para este viernes las temperaturas m\u00e1ximas podr\u00edan alcanzar hasta los 40\u00ba y la m\u00ednima de 28\u00baC, continuando con los d\u00edas calurosos como hasta el momento. Estas condiciones seguir\u00e1n durante el s\u00e1bado con un leve descenso que rondar\u00e1 entre los 38\u00baC y los 26\u00baC, con posibilidad de lluvias.&nbsp;<\/p>\n\n\n\n<figure class=\"wp-block-image size-full\"><img loading=\"lazy\" decoding=\"async\" width=\"759\" height=\"722\" src=\"https:\/\/corrientesdetarde.com\/wp-content\/uploads\/2025\/03\/image-136.png\" alt=\"\" class=\"wp-image-194850\" srcset=\"https:\/\/corrientesdetarde.com\/wp-content\/uploads\/2025\/03\/image-136.png 759w, https:\/\/corrientesdetarde.com\/wp-content\/uploads\/2025\/03\/image-136-300x285.png 300w\" sizes=\"auto, (max-width: 759px) 100vw, 759px\" \/><\/figure>\n\n\n\n<p><strong>Reci\u00e9n para el domingo<\/strong>&nbsp;con el ingreso de vientos por el sector sureste,&nbsp;<strong>el term\u00f3metro comenzar\u00eda a descender.<\/strong>&nbsp;Para la jornada se esperan temperaturas agradables que<strong>&nbsp;rondar\u00e1n los 22\u00ba y los 25\u00baC,<\/strong>&nbsp;<strong>con el desarrollo de tormentas durante la madrugada y ma\u00f1ana con un 70% de probabilidad.&nbsp;<\/strong><\/p>\n\n\n\n<p>Con el inicio de la semana, se espera que las condiciones templadas se mantengan y las temperaturas alcancen los 25\u00baC y m\u00ednimas de 19\u00baC, se mantendr\u00e1n los vientos por el sector sureste con mayor predominancia. Esto podr\u00eda continuar hasta el martes con m\u00e1ximas de 28\u00baC y m\u00ednimas de 22\u00baC.&nbsp;<\/p>\n","protected":false},"excerpt":{"rendered":"<p>Un cambio brusco podr\u00eda llegar a la provincia, los pron\u00f3sticos indican temperaturas de entre 19\u00baC y 25\u00baC que se extender\u00e1n durante algunos d\u00edas.\u00a0 En las \u00faltimas semanas el calor no&hellip; <\/p>\n","protected":false},"author":1,"featured_media":123710,"comment_status":"closed","ping_status":"open","sticky":false,"template":"","format":"standard","meta":{"footnotes":""},"categories":[29,8],"tags":[],"class_list":["post-194844","post","type-post","status-publish","format-standard","has-post-thumbnail","hentry","category-clima","category-locales"],"_links":{"self":[{"href":"https:\/\/corrientesdetarde.com\/index.php\/wp-json\/wp\/v2\/posts\/194844","targetHints":{"allow":["GET"]}}],"collection":[{"href":"https:\/\/corrientesdetarde.com\/index.php\/wp-json\/wp\/v2\/posts"}],"about":[{"href":"https:\/\/corrientesdetarde.com\/index.php\/wp-json\/wp\/v2\/types\/post"}],"author":[{"embeddable":true,"href":"https:\/\/corrientesdetarde.com\/index.php\/wp-json\/wp\/v2\/users\/1"}],"replies":[{"embeddable":true,"href":"https:\/\/corrientesdetarde.com\/index.php\/wp-json\/wp\/v2\/comments?post=194844"}],"version-history":[{"count":1,"href":"https:\/\/corrientesdetarde.com\/index.php\/wp-json\/wp\/v2\/posts\/194844\/revisions"}],"predecessor-version":[{"id":194852,"href":"https:\/\/corrientesdetarde.com\/index.php\/wp-json\/wp\/v2\/posts\/194844\/revisions\/194852"}],"wp:featuredmedia":[{"embeddable":true,"href":"https:\/\/corrientesdetarde.com\/index.php\/wp-json\/wp\/v2\/media\/123710"}],"wp:attachment":[{"href":"https:\/\/corrientesdetarde.com\/index.php\/wp-json\/wp\/v2\/media?parent=194844"}],"wp:term":[{"taxonomy":"category","embeddable":true,"href":"https:\/\/corrientesdetarde.com\/index.php\/wp-json\/wp\/v2\/categories?post=194844"},{"taxonomy":"post_tag","embeddable":true,"href":"https:\/\/corrientesdetarde.com\/index.php\/wp-json\/wp\/v2\/tags?post=194844"}],"curies":[{"name":"wp","href":"https:\/\/api.w.org\/{rel}","templated":true}]}}