{"id":194845,"date":"2025-03-06T08:28:14","date_gmt":"2025-03-06T11:28:14","guid":{"rendered":"https:\/\/corrientesdetarde.com\/?p=194845"},"modified":"2025-03-06T08:28:25","modified_gmt":"2025-03-06T11:28:25","slug":"el-papa-francisco-paso-una-noche-tranquila-y-mantiene-su-buen-estado-de-animo","status":"publish","type":"post","link":"https:\/\/corrientesdetarde.com\/index.php\/sociales\/el-papa-francisco-paso-una-noche-tranquila-y-mantiene-su-buen-estado-de-animo\/","title":{"rendered":"El papa Francisco pas\u00f3 una noche tranquila y mantiene su buen estado de \u00e1nimo"},"content":{"rendered":"\n<p>El papa Francisco &#8220;pas\u00f3 una noche tranquila y sigue descansando&#8221; en el Policl\u00ednico Gemelli de Roma donde permanece internado desde hace 21 d\u00edas, seg\u00fan inform\u00f3 la Oficina de Prensa del Vaticano, a la vez que indic\u00f3 est\u00e1 cooperando con el tratamiento y su estado de \u00e1nimo sigue siendo bueno.<\/p>\n\n\n\n<p>&#8220;La noche ha pasado tranquila, el Papa sigue descansando&#8221;, expresaron desde la citada oficina, luego que el bolet\u00edn m\u00e9dico del mi\u00e9rcoles se\u00f1al\u00f3 un estado estacionario, sin episodios de insuficiencia respiratoria&#8221;.<\/p>\n\n\n\n<p>Adem\u00e1s, el escrito indic\u00f3 que, &#8220;como estaba previsto, el Pont\u00edfice reanud\u00f3 la ventilaci\u00f3n mec\u00e1nica no invasiva durante la noche, tras haber sido sometido a oxigenoterapia de alto flujo durante el d\u00eda&#8221;.<\/p>\n\n\n\n<p>&#8220;El Papa estaba cooperando con las terapias y su estado de \u00e1nimo segu\u00eda siendo bueno. Los m\u00e9dicos destacaron la ausencia de crisis en los dos \u00faltimos d\u00edas, sin embargo, ante la complejidad del cuadro cl\u00ednico, mantuvieron el pron\u00f3stico reservado&#8221;, expres\u00f3 el citado parte.<\/p>\n","protected":false},"excerpt":{"rendered":"<p>El papa Francisco &#8220;pas\u00f3 una noche tranquila y sigue descansando&#8221; en el Policl\u00ednico Gemelli de Roma donde permanece internado desde hace 21 d\u00edas, seg\u00fan inform\u00f3 la Oficina de Prensa del&hellip; <\/p>\n","protected":false},"author":1,"featured_media":194478,"comment_status":"closed","ping_status":"open","sticky":false,"template":"","format":"standard","meta":{"footnotes":""},"categories":[17],"tags":[],"class_list":["post-194845","post","type-post","status-publish","format-standard","has-post-thumbnail","hentry","category-sociales"],"_links":{"self":[{"href":"https:\/\/corrientesdetarde.com\/index.php\/wp-json\/wp\/v2\/posts\/194845","targetHints":{"allow":["GET"]}}],"collection":[{"href":"https:\/\/corrientesdetarde.com\/index.php\/wp-json\/wp\/v2\/posts"}],"about":[{"href":"https:\/\/corrientesdetarde.com\/index.php\/wp-json\/wp\/v2\/types\/post"}],"author":[{"embeddable":true,"href":"https:\/\/corrientesdetarde.com\/index.php\/wp-json\/wp\/v2\/users\/1"}],"replies":[{"embeddable":true,"href":"https:\/\/corrientesdetarde.com\/index.php\/wp-json\/wp\/v2\/comments?post=194845"}],"version-history":[{"count":1,"href":"https:\/\/corrientesdetarde.com\/index.php\/wp-json\/wp\/v2\/posts\/194845\/revisions"}],"predecessor-version":[{"id":194849,"href":"https:\/\/corrientesdetarde.com\/index.php\/wp-json\/wp\/v2\/posts\/194845\/revisions\/194849"}],"wp:featuredmedia":[{"embeddable":true,"href":"https:\/\/corrientesdetarde.com\/index.php\/wp-json\/wp\/v2\/media\/194478"}],"wp:attachment":[{"href":"https:\/\/corrientesdetarde.com\/index.php\/wp-json\/wp\/v2\/media?parent=194845"}],"wp:term":[{"taxonomy":"category","embeddable":true,"href":"https:\/\/corrientesdetarde.com\/index.php\/wp-json\/wp\/v2\/categories?post=194845"},{"taxonomy":"post_tag","embeddable":true,"href":"https:\/\/corrientesdetarde.com\/index.php\/wp-json\/wp\/v2\/tags?post=194845"}],"curies":[{"name":"wp","href":"https:\/\/api.w.org\/{rel}","templated":true}]}}