{"id":194846,"date":"2025-03-06T08:25:34","date_gmt":"2025-03-06T11:25:34","guid":{"rendered":"https:\/\/corrientesdetarde.com\/?p=194846"},"modified":"2025-03-06T08:25:45","modified_gmt":"2025-03-06T11:25:45","slug":"posicion-de-came-sobre-los-aportes-empresariales","status":"publish","type":"post","link":"https:\/\/corrientesdetarde.com\/index.php\/economia\/posicion-de-came-sobre-los-aportes-empresariales\/","title":{"rendered":"Posici\u00f3n de CAME sobre los aportes empresariales"},"content":{"rendered":"\n<figure class=\"wp-block-table\"><table class=\"has-fixed-layout\"><tbody><tr><td>La Confederaci\u00f3n Argentina de la Mediana Empresa (CAME) considera oportuno efectuar algunas apreciaciones sobre el decreto publicado ayer que hace referencia a las contribuciones patronales.\u00a0\u00a0En primer lugar, los aportes se encuentran vigentes. Adem\u00e1s, al no tratarse de un aporte personal, el trabajador no sufre ning\u00fan descuento en su salario con motivo de dicha contribuci\u00f3n. En segundo lugar, la eliminaci\u00f3n de su obligatoriedad en el caso de Comercio no implicar\u00e1 un incremento en el salario de bolsillo de los empleados, ya que el esquema es financiado exclusivamente mediante contribuciones patronales.\u00a0<br>Desde su fundaci\u00f3n en 1956, CAME defendi\u00f3 y defiende los derechos e intereses de las peque\u00f1as y medianas empresas y de los distintos sectores productivos nacionales, a lo largo de todo el pa\u00eds, de forma apartidaria, \u00e9tica y representativa.\u00a0A su vez, es la entidad gremial empresaria que impulsa la modernizaci\u00f3n de las pymes, fomentando su crecimiento sustentable y brind\u00e1ndole las herramientas necesarias para que puedan fortalecerse y adoptar un panorama innovador, con conciencia social, y que les permita desarrollarse en el plano nacional e internacional.\u00a0<br>Cabe destacar que CAME es quien aglutina y articula a nivel regional y nacional los diversos pedidos de las pymes; cuando hay normativas que complican su d\u00eda a d\u00eda o cuando algunas decisiones las dejan en un segundo plano, ya que las pymes son el 99% de las empresas de Argentina y\u00a0dan trabajo a m\u00e1s de 4.000.000 personas.\u00a0En ese sentido, puede afirmarse que los recursos del Instituto Argentino de Capacitaci\u00f3n Profesional y Tecnol\u00f3gica para el Comercio (INACAP) no s\u00f3lo permiten una amplia y profesional actividad capacitadora, sino que tambi\u00e9n resultan fundamentales para darle voz a las peque\u00f1as y medianas empresas de la Argentina.\u00a0<br>Por lo tanto, desde CAME reafirmamos el compromiso de seguir trabajando para la capacitaci\u00f3n constante y la profesionalizaci\u00f3n de las micro, peque\u00f1as y medianas empresas argentinas.<br><\/td><\/tr><\/tbody><\/table><\/figure>\n","protected":false},"excerpt":{"rendered":"<p>La Confederaci\u00f3n Argentina de la Mediana Empresa (CAME) considera oportuno efectuar algunas apreciaciones sobre el decreto publicado ayer que hace referencia a las contribuciones patronales.\u00a0\u00a0En primer lugar, los aportes se&hellip; <\/p>\n","protected":false},"author":1,"featured_media":194847,"comment_status":"closed","ping_status":"open","sticky":false,"template":"","format":"standard","meta":{"footnotes":""},"categories":[20],"tags":[],"class_list":["post-194846","post","type-post","status-publish","format-standard","has-post-thumbnail","hentry","category-economia"],"_links":{"self":[{"href":"https:\/\/corrientesdetarde.com\/index.php\/wp-json\/wp\/v2\/posts\/194846","targetHints":{"allow":["GET"]}}],"collection":[{"href":"https:\/\/corrientesdetarde.com\/index.php\/wp-json\/wp\/v2\/posts"}],"about":[{"href":"https:\/\/corrientesdetarde.com\/index.php\/wp-json\/wp\/v2\/types\/post"}],"author":[{"embeddable":true,"href":"https:\/\/corrientesdetarde.com\/index.php\/wp-json\/wp\/v2\/users\/1"}],"replies":[{"embeddable":true,"href":"https:\/\/corrientesdetarde.com\/index.php\/wp-json\/wp\/v2\/comments?post=194846"}],"version-history":[{"count":1,"href":"https:\/\/corrientesdetarde.com\/index.php\/wp-json\/wp\/v2\/posts\/194846\/revisions"}],"predecessor-version":[{"id":194848,"href":"https:\/\/corrientesdetarde.com\/index.php\/wp-json\/wp\/v2\/posts\/194846\/revisions\/194848"}],"wp:featuredmedia":[{"embeddable":true,"href":"https:\/\/corrientesdetarde.com\/index.php\/wp-json\/wp\/v2\/media\/194847"}],"wp:attachment":[{"href":"https:\/\/corrientesdetarde.com\/index.php\/wp-json\/wp\/v2\/media?parent=194846"}],"wp:term":[{"taxonomy":"category","embeddable":true,"href":"https:\/\/corrientesdetarde.com\/index.php\/wp-json\/wp\/v2\/categories?post=194846"},{"taxonomy":"post_tag","embeddable":true,"href":"https:\/\/corrientesdetarde.com\/index.php\/wp-json\/wp\/v2\/tags?post=194846"}],"curies":[{"name":"wp","href":"https:\/\/api.w.org\/{rel}","templated":true}]}}