{"id":194864,"date":"2025-03-06T10:23:51","date_gmt":"2025-03-06T13:23:51","guid":{"rendered":"https:\/\/corrientesdetarde.com\/?p=194864"},"modified":"2025-03-06T10:24:03","modified_gmt":"2025-03-06T13:24:03","slug":"aquarium-mar-del-plata-cerrara-sus-puertas-que-pasara-con-los-animales-segun-el-director-cientifico","status":"publish","type":"post","link":"https:\/\/corrientesdetarde.com\/index.php\/informacion-general\/aquarium-mar-del-plata-cerrara-sus-puertas-que-pasara-con-los-animales-segun-el-director-cientifico\/","title":{"rendered":"Aquarium Mar del Plata cerrar\u00e1 sus puertas: qu\u00e9 pasar\u00e1 con los animales, seg\u00fan el director cient\u00edfico"},"content":{"rendered":"\n<p>Con tristeza, nostalgia, y con un adi\u00f3s que se va preparando entre l\u00edneas, d\u00edas atr\u00e1s se anunci\u00f3 el cierre definitivo del Aquarium de Mar del Plata, un lugar que durante m\u00e1s de tres d\u00e9cadas fue un s\u00edmbolo de la ciudad y sin\u00f3nimo de maravillosas experiencias para miles de grandes y chicos.<\/p>\n\n\n\n<p><\/p>\n\n\n\n<p><br>A tan solo unos meses de celebrar su 32\u00ba aniversario desde su inauguraci\u00f3n, el Grupo Dolphin, propietario del acuario desde 2018, comparti\u00f3 la noticia a trav\u00e9s de un comunicado oficial en las redes sociales. Cada rinc\u00f3n del Aquarium que fue testigo de sonrisas, aprendizajes y recuerdos imborrables, que dejar\u00e1 una huella en los corazones de sus trabajadores y de quienes lo visitaron a lo largo de los a\u00f1os.<br>&nbsp;<br>&nbsp;<br><br>minutouno.com convers\u00f3 con Alejandro Saubidet, Director Cient\u00edfico de Aquarium, quien desempe\u00f1o su rol desde 1993 al 2001 y luego regres\u00f3 en el 2006 hasta este 31 de marzo que cerrar\u00e1 el establecimiento y a lo que expres\u00f3: &#8220;Lamentablemente el predio pertenece a los Peralta Ramos y estos le dar\u00e1n otro destino seguramente m\u00e1s redituable para ellos. Es l\u00f3gico y no se puede hacer nada al respecto&#8221;.<\/p>\n\n\n\n<p>&nbsp;<br>&nbsp;<br>Al consultarle que es lo que lo apena del fin del Aquarium, manifest\u00f3 con una notable congoja: &#8220;Lo que m\u00e1s lamento es el cese del centro de rehabilitaci\u00f3n de fauna marina, reconocido a nivel nacional e internacional&#8221;. Y resalt\u00f3, algo que todos quer\u00edan que supieran: &#8220;Este nunca recibi\u00f3 subsidio alguno y se mantiene gracias a la entrada del visitante al parque&#8221;.<\/p>\n\n\n\n<p>Como tambi\u00e9n le apena y que no puedan continuar &#8220;los proyectos de investigaci\u00f3n que all\u00ed se desarrollan tanto en forma independiente como en conjunto con investigadores de la UNMDP y del Conicet&#8221;.<\/p>\n\n\n\n<p>&nbsp;<br>&nbsp;<br><strong>Qu\u00e9 pasar\u00e1 con los animales del Aquarium tras su cierre<\/strong><\/p>\n\n\n\n<p><br>Mas all\u00e1 de la tristeza que le genera a los empleados el cierre del Aquarium este 31 de marzo, no se puede pasar por alto a los que verdaderamente van a sentir este cambio, van a dejar de vivir en lugar donde se criaron, crecieron y se rodearon del amor de sus cuidadores, como de todos los visitantes: Los animales.<\/p>\n\n\n\n<p>Saubidet para la tranquilidad de todos, detall\u00f3 que &#8220;Todos los animales, los cuales son nacidos del programa de reproducci\u00f3n en condiciones controladas, (los cuales no sobrevivir\u00edan en el medio ambiente natural) ser\u00e1n trasladados a oceanarios y bioparques nacionales e internacionales con altos est\u00e1ndares de bienestar animal&#8221;.<\/p>\n\n\n\n<p>&nbsp;<br>&nbsp;<br>A modo de cierre, el director, lanz\u00f3 con profundo pesar: &#8220;Solo te puedo agregar que es muy dura la separaci\u00f3n de sus cuidadores y los animales. Los han cuidado siempre, los visto nacer crecer y reproducirse. Tienen un v\u00ednculo muy grande con todos los animales del parque, tanto veterinarios, cuidadores, entrenadores y bi\u00f3logos&#8221;.<\/p>\n\n\n\n<p>&nbsp;<br><strong>El comunicado oficial del Aquarium Mar del Plata<\/strong><\/p>\n\n\n\n<p><br>El comunicado oficial manifesta: &#8220;Con profundo pesar anunciamos el cierre definitivo de Aquarium Mar del Plata, un pilar del turismo y la recreaci\u00f3n en nuestra ciudad desde su inauguraci\u00f3n en 1993&#8221;.<\/p>\n\n\n\n<p>Seg\u00fan remarcaron, en estos a\u00f1os, el lugar desempe\u00f1\u00f3 &#8220;un rol fundamental en la educaci\u00f3n, investigaci\u00f3n y rehabilitaci\u00f3n de la fauna marina&#8221; y oper\u00f3 en el mismo predio bajo un contrato de alquiler de largo plazo, que lleg\u00f3 a su fin en 2022.<\/p>\n\n\n\n<p>El parque, ubicado junto al Faro de Punta Mogotes, opera en el mismo lugar desde su inauguraci\u00f3n, bajo un contrato de arrendamiento de 30 a\u00f1os que venci\u00f3 en 2022. Frente a este escenario, de imposibilidad de acordar, Aquarium Mar del Plata se vio obligado a &#8220;cerrar de manera definitiva a partir del 31 de marzo&#8221;.<\/p>\n","protected":false},"excerpt":{"rendered":"<p>Con tristeza, nostalgia, y con un adi\u00f3s que se va preparando entre l\u00edneas, d\u00edas atr\u00e1s se anunci\u00f3 el cierre definitivo del Aquarium de Mar del Plata, un lugar que durante&hellip; <\/p>\n","protected":false},"author":1,"featured_media":194875,"comment_status":"closed","ping_status":"open","sticky":false,"template":"","format":"standard","meta":{"footnotes":""},"categories":[1],"tags":[],"class_list":["post-194864","post","type-post","status-publish","format-standard","has-post-thumbnail","hentry","category-informacion-general"],"_links":{"self":[{"href":"https:\/\/corrientesdetarde.com\/index.php\/wp-json\/wp\/v2\/posts\/194864","targetHints":{"allow":["GET"]}}],"collection":[{"href":"https:\/\/corrientesdetarde.com\/index.php\/wp-json\/wp\/v2\/posts"}],"about":[{"href":"https:\/\/corrientesdetarde.com\/index.php\/wp-json\/wp\/v2\/types\/post"}],"author":[{"embeddable":true,"href":"https:\/\/corrientesdetarde.com\/index.php\/wp-json\/wp\/v2\/users\/1"}],"replies":[{"embeddable":true,"href":"https:\/\/corrientesdetarde.com\/index.php\/wp-json\/wp\/v2\/comments?post=194864"}],"version-history":[{"count":1,"href":"https:\/\/corrientesdetarde.com\/index.php\/wp-json\/wp\/v2\/posts\/194864\/revisions"}],"predecessor-version":[{"id":194876,"href":"https:\/\/corrientesdetarde.com\/index.php\/wp-json\/wp\/v2\/posts\/194864\/revisions\/194876"}],"wp:featuredmedia":[{"embeddable":true,"href":"https:\/\/corrientesdetarde.com\/index.php\/wp-json\/wp\/v2\/media\/194875"}],"wp:attachment":[{"href":"https:\/\/corrientesdetarde.com\/index.php\/wp-json\/wp\/v2\/media?parent=194864"}],"wp:term":[{"taxonomy":"category","embeddable":true,"href":"https:\/\/corrientesdetarde.com\/index.php\/wp-json\/wp\/v2\/categories?post=194864"},{"taxonomy":"post_tag","embeddable":true,"href":"https:\/\/corrientesdetarde.com\/index.php\/wp-json\/wp\/v2\/tags?post=194864"}],"curies":[{"name":"wp","href":"https:\/\/api.w.org\/{rel}","templated":true}]}}