{"id":194865,"date":"2025-03-06T09:41:17","date_gmt":"2025-03-06T12:41:17","guid":{"rendered":"https:\/\/corrientesdetarde.com\/?p=194865"},"modified":"2025-03-06T09:41:39","modified_gmt":"2025-03-06T12:41:39","slug":"el-gobierno-de-corrientes-implementara-un-subsidio-provincial-de-energia-durante-cuatro-meses","status":"publish","type":"post","link":"https:\/\/corrientesdetarde.com\/index.php\/economia\/el-gobierno-de-corrientes-implementara-un-subsidio-provincial-de-energia-durante-cuatro-meses\/","title":{"rendered":"El Gobierno de Corrientes implementar\u00e1 un subsidio provincial de energ\u00eda durante cuatro meses"},"content":{"rendered":"\n<p>El doctor Carlos Vignolo subray\u00f3 que \u00e9sta decisi\u00f3n fue definida en detalle en el discurso del gobernador Vald\u00e9s del pasado s\u00e1bado 1 de marzo, al abrir el Periodo Ordinario de Sesiones de la Legislatura Provincial.<\/p>\n\n\n\n<p>El beneficio ser\u00e1 para quienes estuvieron inscriptos en el sistema nacional de subsidios, al no realizar la reinscripcion en el RASE.<\/p>\n\n\n\n<p>Durante 4 meses ver\u00e1n reducida su factura final en montos significativos.<\/p>\n\n\n\n<p>En ese plazo, los usuarios que no se inscribieron en el registro nacional, deber\u00e1n hacerlo para mantener el beneficio. Pondremos todos los recursos disponibles para colaborar con esta tarea que es &nbsp;personal e indelegable.<\/p>\n\n\n\n<p>Efectivamente, el mandatario dijo textualmente que &#8220;hace 7 a\u00f1os que sostenemos la tarifa social el\u00e9ctrica con recursos provinciales y he dado instrucciones a la DPEC de incluir en ella a aquellos usuarios a los que les fue retirado el beneficio por parte del Gobierno Nacional por no inscribirse en el Registro de Acceso a los Subsidios Energ\u00e9ticos; hablamos de 80.000 usuarios que representan el 30% del padr\u00f3n&#8221;.<\/p>\n","protected":false},"excerpt":{"rendered":"<p>El doctor Carlos Vignolo subray\u00f3 que \u00e9sta decisi\u00f3n fue definida en detalle en el discurso del gobernador Vald\u00e9s del pasado s\u00e1bado 1 de marzo, al abrir el Periodo Ordinario de&hellip; <\/p>\n","protected":false},"author":1,"featured_media":142388,"comment_status":"closed","ping_status":"open","sticky":false,"template":"","format":"standard","meta":{"footnotes":""},"categories":[20],"tags":[],"class_list":["post-194865","post","type-post","status-publish","format-standard","has-post-thumbnail","hentry","category-economia"],"_links":{"self":[{"href":"https:\/\/corrientesdetarde.com\/index.php\/wp-json\/wp\/v2\/posts\/194865","targetHints":{"allow":["GET"]}}],"collection":[{"href":"https:\/\/corrientesdetarde.com\/index.php\/wp-json\/wp\/v2\/posts"}],"about":[{"href":"https:\/\/corrientesdetarde.com\/index.php\/wp-json\/wp\/v2\/types\/post"}],"author":[{"embeddable":true,"href":"https:\/\/corrientesdetarde.com\/index.php\/wp-json\/wp\/v2\/users\/1"}],"replies":[{"embeddable":true,"href":"https:\/\/corrientesdetarde.com\/index.php\/wp-json\/wp\/v2\/comments?post=194865"}],"version-history":[{"count":2,"href":"https:\/\/corrientesdetarde.com\/index.php\/wp-json\/wp\/v2\/posts\/194865\/revisions"}],"predecessor-version":[{"id":194870,"href":"https:\/\/corrientesdetarde.com\/index.php\/wp-json\/wp\/v2\/posts\/194865\/revisions\/194870"}],"wp:featuredmedia":[{"embeddable":true,"href":"https:\/\/corrientesdetarde.com\/index.php\/wp-json\/wp\/v2\/media\/142388"}],"wp:attachment":[{"href":"https:\/\/corrientesdetarde.com\/index.php\/wp-json\/wp\/v2\/media?parent=194865"}],"wp:term":[{"taxonomy":"category","embeddable":true,"href":"https:\/\/corrientesdetarde.com\/index.php\/wp-json\/wp\/v2\/categories?post=194865"},{"taxonomy":"post_tag","embeddable":true,"href":"https:\/\/corrientesdetarde.com\/index.php\/wp-json\/wp\/v2\/tags?post=194865"}],"curies":[{"name":"wp","href":"https:\/\/api.w.org\/{rel}","templated":true}]}}