{"id":194881,"date":"2025-03-06T10:27:56","date_gmt":"2025-03-06T13:27:56","guid":{"rendered":"https:\/\/corrientesdetarde.com\/?p=194881"},"modified":"2025-03-06T10:28:00","modified_gmt":"2025-03-06T13:28:00","slug":"axel-arribara-a-corrientes-para-presentar-vuelve","status":"publish","type":"post","link":"https:\/\/corrientesdetarde.com\/index.php\/eventossociedad\/axel-arribara-a-corrientes-para-presentar-vuelve\/","title":{"rendered":"Axel arribar\u00e1 a Corrientes para presentar \u00abVuelve\u00bb"},"content":{"rendered":"\n<p>El cantante se presentar\u00e1 este s\u00e1bado 8 de marzo a las 21 horas en el Club de Regatas Corrientes (Parque Mitre). Los \u00faltimos tickets se pueden adquirir online a trav\u00e9s de todoticket.ar y en el punto de venta oficial ubicado en Vestigium (Pellegrini y San Lorenzo, Corrientes).<\/p>\n\n\n\n<p>Tras dos conciertos agotados en el Teatro \u00d3pera y sus shows de C\u00f3rdoba y Rosario, Axel arranca con la segunda etapa de su \u201c25 Tour\u201d, con el que recorrer\u00e1 todo el pa\u00eds de punta a punta. Con esta gira celebra sus 25 a\u00f1os de trayectoria musical y marca su vuelta con una faceta totalmente renovada en lo art\u00edstico y en lo personal.<\/p>\n\n\n<div class=\"wp-block-image\">\n<figure class=\"aligncenter size-large\"><img loading=\"lazy\" decoding=\"async\" width=\"731\" height=\"1024\" src=\"https:\/\/corrientesdetarde.com\/wp-content\/uploads\/2025\/03\/image-143-731x1024.png\" alt=\"\" class=\"wp-image-194883\"\/><\/figure>\n<\/div>\n\n\n<p>\u201cVolver a girar, volver a mirarnos a los ojos, acariciarnos el alma con m\u00fasica, con historias, con las canciones que nos han unido siempre. Qu\u00e9 m\u00e1s puedo pedir, Dios?\u201d comparte Axel en sus redes sociales.<\/p>\n\n\n\n<p>A partir de febrero y a lo largo de todo el a\u00f1o el \u201c25 Tour\u201d pasar\u00e1, adem\u00e1s de Corrientes y Chaco, por diferentes ciudades como Villa Dolores (C\u00f3rdoba), Comodoro Rivadavia (Chubut), Mar del Plata, La Plata, Santa Fe, Mendoza y Formosa, Misiones, entre muchas m\u00e1s, incluyendo un show en Chile a principios de abril.<\/p>\n\n\n\n<p>A diferencia de sus shows anteriores, Axel sorprende con un espect\u00e1culo totalmente nuevo, donde el impacto sonoro y visual sumergen al p\u00fablico en un viaje \u00fanico.<\/p>\n\n\n\n<p>Con producci\u00f3n musical de Maxi Esp\u00edndola (MYA), el repertorio est\u00e1 repleto de cl\u00e1sicos aunque esta vez en versiones totalmente renovadas.<\/p>\n\n\n\n<p>La puesta en escena, a cargo del equipo de Asalto (Mar\u00eda Becerra), supo plasmar la esencia del artista sobre el escenario, con una escenograf\u00eda que resalta la naturaleza y revive las estaciones del a\u00f1o en concordancia con el recorrido musical del concierto. Este equipo creativo estuvo a cargo tambi\u00e9n de la direcci\u00f3n de los videos de \u201cEl motivo\u201d y \u201cVuelve\u201d, singles del reciente disco.<\/p>\n\n\n\n<p>\u201cAmo\u201d, \u201cMiradas\u201d, \u201cTodo mi mundo\u201d, \u201cTe voy a amar\u201d, \u201cTu amor por Siempre\u201d, \u201cCelebra la vida\u201d y hasta las canciones m\u00e1s recientes de su nuevo material, \u201cVuelve\u201d, est\u00e1n presentes en un concierto que es un verdadero viaje emocional y es la oportunidad para reencontrarse con fans de cada lugar y festejar juntos el camino transitado.<\/p>\n\n\n\n<h2 class=\"wp-block-heading\">ACERCA DE \u201cVUELVE\u201d, SU \u00daLTIMO \u00c1LBUM<\/h2>\n\n\n\n<p>El reconocido cantautor argentino Axel lanz\u00f3 su nuevo \u00e1lbum, \u201cVuelve\u201d, en el mes de Octubre despu\u00e9s de 7 a\u00f1os de su \u00faltimo material. Un disco de 12 canciones potentes, emocionantes, humanas, a coraz\u00f3n abierto, que demuestran c\u00f3mo el artista sigue sorprendiendo con su talento.<\/p>\n\n\n\n<p>El \u00e1lbum fue grabado entre Los \u00c1ngeles y Colombia bajo la producci\u00f3n de Cheche Alara (L.A.) y Mapache (COL). En conjunto con sus \u00fanicas letras y su inigualable voz, nos transporta a una experiencia repleta de emociones y nos muestra una faceta nueva.<\/p>\n\n\n\n<p>Su primer single, \u201cEl Motivo\u201d fue coescrito junto al renombrado escritor cubano Alexis D\u00edaz Pimienta, que ha trabajado con gigantes de la m\u00fasica como Jorge Drexler, Juanes y Natalia Lafourcade, escrito en d\u00e9cimas por consejo de su amigo Drexler. Le sigui\u00f3 \u201cVuelve\u201d tema que le da nombre al disco y es una met\u00e1fora de esta nueva etapa de Axel. Ambos videos fueron realizados por el equipo de Asalto, con direcci\u00f3n de Gonxalo Alipaz.<\/p>\n\n\n\n<p>El m\u00fasico llegar\u00e1 a Resistencia el viernes 7 de marzo a las 21 horas en el Teatro Guido Miranda (Col\u00f3n 164). Las entradas se pueden adquirir online a trav\u00e9s de butacauno.com y en los puntos de ventas oficiales ubicados en Delidrinks (Av. Italia 2242) y en Butacauno (Frondizi 33). Con tarjeta TUYA de NBCH, pod\u00e9s pagar en 3 y 5 cuotas sin inter\u00e9s.<\/p>\n\n\n\n<p>El show en Corrientes ser\u00e1 al otro d\u00eda, s\u00e1bado 8 de marzo a las 21 horas en el Club de Regatas Corrientes (Parque Mitre). Los tickets se pueden adquirir online a trav\u00e9s de todoticket.ar y en el punto de venta oficial ubicado en Vestigium (Pellegrini y San Lorenzo, Corrientes).<\/p>\n","protected":false},"excerpt":{"rendered":"<p>El cantante se presentar\u00e1 este s\u00e1bado 8 de marzo a las 21 horas en el Club de Regatas Corrientes (Parque Mitre). Los \u00faltimos tickets se pueden adquirir online a trav\u00e9s&hellip; <\/p>\n","protected":false},"author":1,"featured_media":194883,"comment_status":"closed","ping_status":"open","sticky":false,"template":"","format":"standard","meta":{"footnotes":""},"categories":[1208],"tags":[],"class_list":["post-194881","post","type-post","status-publish","format-standard","has-post-thumbnail","hentry","category-eventossociedad"],"_links":{"self":[{"href":"https:\/\/corrientesdetarde.com\/index.php\/wp-json\/wp\/v2\/posts\/194881","targetHints":{"allow":["GET"]}}],"collection":[{"href":"https:\/\/corrientesdetarde.com\/index.php\/wp-json\/wp\/v2\/posts"}],"about":[{"href":"https:\/\/corrientesdetarde.com\/index.php\/wp-json\/wp\/v2\/types\/post"}],"author":[{"embeddable":true,"href":"https:\/\/corrientesdetarde.com\/index.php\/wp-json\/wp\/v2\/users\/1"}],"replies":[{"embeddable":true,"href":"https:\/\/corrientesdetarde.com\/index.php\/wp-json\/wp\/v2\/comments?post=194881"}],"version-history":[{"count":1,"href":"https:\/\/corrientesdetarde.com\/index.php\/wp-json\/wp\/v2\/posts\/194881\/revisions"}],"predecessor-version":[{"id":194884,"href":"https:\/\/corrientesdetarde.com\/index.php\/wp-json\/wp\/v2\/posts\/194881\/revisions\/194884"}],"wp:featuredmedia":[{"embeddable":true,"href":"https:\/\/corrientesdetarde.com\/index.php\/wp-json\/wp\/v2\/media\/194883"}],"wp:attachment":[{"href":"https:\/\/corrientesdetarde.com\/index.php\/wp-json\/wp\/v2\/media?parent=194881"}],"wp:term":[{"taxonomy":"category","embeddable":true,"href":"https:\/\/corrientesdetarde.com\/index.php\/wp-json\/wp\/v2\/categories?post=194881"},{"taxonomy":"post_tag","embeddable":true,"href":"https:\/\/corrientesdetarde.com\/index.php\/wp-json\/wp\/v2\/tags?post=194881"}],"curies":[{"name":"wp","href":"https:\/\/api.w.org\/{rel}","templated":true}]}}