{"id":194938,"date":"2025-03-06T14:47:56","date_gmt":"2025-03-06T17:47:56","guid":{"rendered":"https:\/\/corrientesdetarde.com\/?p=194938"},"modified":"2025-03-06T14:48:09","modified_gmt":"2025-03-06T17:48:09","slug":"alerta-en-la-seleccion-por-messi-con-sobrecarga-muscular-cual-es-su-agenda-antes-de-jugar-por-eliminatorias","status":"publish","type":"post","link":"https:\/\/corrientesdetarde.com\/index.php\/deportes\/alerta-en-la-seleccion-por-messi-con-sobrecarga-muscular-cual-es-su-agenda-antes-de-jugar-por-eliminatorias\/","title":{"rendered":"Alerta en la Selecci\u00f3n por Messi: con sobrecarga muscular, cu\u00e1l es su agenda antes de jugar por Eliminatorias"},"content":{"rendered":"\n<p>El DT de Inter Miami, Javier Mascherano, encendi\u00f3 una luz de alarma al confirmar que el astro argentino arrastra fatiga muscular y ponerlo en duda para el partido de esta noche por la Concachampions.<\/p>\n\n\n\n<p>A sus 37 a\u00f1os,\u00a0<strong>Lionel Messi<\/strong>\u00a0inici\u00f3 una nueva temporada cargada de partidos, en la que busca priorizar sus compromisos con la\u00a0<strong>Selecci\u00f3n argentina\u00a0<\/strong>y aquellos decisivos con su club,\u00a0<strong>Inter Miami<\/strong>.<\/p>\n\n\n\n<p><strong>Javier Mascherano<\/strong>, su entrenador en la franquicia estadounidense,&nbsp;<strong>le dio descanso el pasado fin de semana y el mi\u00e9rcoles, en la previa del juego de esta noche ante Cavaliers FC de Jamaica, no quiso confirmar su disponibilidad.<\/strong><\/p>\n\n\n\n<p>El Jefecito aclar\u00f3 que la decisi\u00f3n de su presencia en el partido de ida por los octavos de final de la Concachampions se tomar\u00e1 hoy mismo horas antes del partido que comenzar\u00e1 a las 22:00 de la Argentina.&nbsp;<strong>Se presume que Leo ser\u00e1 parte del once inicial<\/strong>, ya que para ello dej\u00f3 pasar el partido del domingo pasado ante Houston Dynamo, de visitante.<\/p>\n\n\n\n<p>De todas formas, el DT de Inter Miami&nbsp;<strong>confirm\u00f3 que Messi arrastra una sobrecarga muscular<\/strong>, producto del cansancio en el inicio de la temporada.<\/p>\n\n\n\n<p>\u201cNo tuvo ninguna lesi\u00f3n, obviamente con el correr de los partidos sinti\u00f3 el cansancio.&nbsp;<strong>Tuvo una sobrecarga,<\/strong>&nbsp;por eso mismo decidimos que no fuera a Houston\u201d, explic\u00f3.<\/p>\n\n\n\n<figure class=\"wp-block-image\"><img decoding=\"async\" src=\"https:\/\/tn.com.ar\/resizer\/v2\/messi-fue-preservado-el-ultimo-fin-de-semana-en-el-partido-con-houston-dynamo-foto-reuters-PJFZX4IULYWTOCXG7ZJDJMTOVY.jpg?auth=4d6e4183db6e856f26d9ccc42f3d36d9343f62c8d9de921755b4031d9ce18b2c&amp;width=767\" alt=\"Messi fue preservado el \u00faltimo fin de semana en el partido con Houston Dynamo (Foto: Reuters)\"\/><\/figure>\n\n\n\n<p>\u201cYa hemos tenido algunas lesiones y<strong>&nbsp;no queremos que un jugador tan importante para nosotros, por no darle un cierto descanso, termine estando fuera por un mes&#8221;<\/strong>, se\u00f1al\u00f3.<\/p>\n\n\n\n<p>Esta situaci\u00f3n fue apuntada por el cuerpo t\u00e9cnico de la Selecci\u00f3n, que conf\u00eda en la administraci\u00f3n de esfuerzos que lleve adelante Mascherano con el capit\u00e1n del equipo campe\u00f3n del mundo.<\/p>\n\n\n\n<h2 class=\"wp-block-heading\">Cu\u00e1ntos partidos le restan a Messi antes de sumarse a la Selecci\u00f3n<\/h2>\n\n\n\n<p>El astro argentin<strong>o tiene cuatro partidos programados antes de incorporarse a la Selecci\u00f3n argentina<\/strong>&nbsp;para la ventana de marzo de las Eliminatorias Sudamericanas para el Mundial 2026.<\/p>\n\n\n\n<p>El equipo de Lionel Scaloni, l\u00edder de la clasificaci\u00f3n,&nbsp;<strong>visitar\u00e1 a Uruguay el viernes 21 y el martes 25 ser\u00e1 local de Brasil.<\/strong>&nbsp;La jerarqu\u00eda de los rivales demandar\u00e1 cuidados especiales para que su convocatoria no corra riesgos.<\/p>\n\n\n\n<p>Inter Miami jugar\u00e1 esta noche como local de Cavaliers y el jueves pr\u00f3ximo definir\u00e1 la llave de octavos en Kingston. El domingo enfrentar\u00e1 a Charlotte por la MLS y una semana despu\u00e9s visitar\u00e1 a Atlanta, en el \u00faltimo compromiso previo a la fecha FIFA.<\/p>\n","protected":false},"excerpt":{"rendered":"<p>El DT de Inter Miami, Javier Mascherano, encendi\u00f3 una luz de alarma al confirmar que el astro argentino arrastra fatiga muscular y ponerlo en duda para el partido de esta&hellip; <\/p>\n","protected":false},"author":8,"featured_media":194939,"comment_status":"closed","ping_status":"open","sticky":false,"template":"","format":"standard","meta":{"footnotes":""},"categories":[4],"tags":[],"class_list":["post-194938","post","type-post","status-publish","format-standard","has-post-thumbnail","hentry","category-deportes"],"_links":{"self":[{"href":"https:\/\/corrientesdetarde.com\/index.php\/wp-json\/wp\/v2\/posts\/194938","targetHints":{"allow":["GET"]}}],"collection":[{"href":"https:\/\/corrientesdetarde.com\/index.php\/wp-json\/wp\/v2\/posts"}],"about":[{"href":"https:\/\/corrientesdetarde.com\/index.php\/wp-json\/wp\/v2\/types\/post"}],"author":[{"embeddable":true,"href":"https:\/\/corrientesdetarde.com\/index.php\/wp-json\/wp\/v2\/users\/8"}],"replies":[{"embeddable":true,"href":"https:\/\/corrientesdetarde.com\/index.php\/wp-json\/wp\/v2\/comments?post=194938"}],"version-history":[{"count":1,"href":"https:\/\/corrientesdetarde.com\/index.php\/wp-json\/wp\/v2\/posts\/194938\/revisions"}],"predecessor-version":[{"id":194940,"href":"https:\/\/corrientesdetarde.com\/index.php\/wp-json\/wp\/v2\/posts\/194938\/revisions\/194940"}],"wp:featuredmedia":[{"embeddable":true,"href":"https:\/\/corrientesdetarde.com\/index.php\/wp-json\/wp\/v2\/media\/194939"}],"wp:attachment":[{"href":"https:\/\/corrientesdetarde.com\/index.php\/wp-json\/wp\/v2\/media?parent=194938"}],"wp:term":[{"taxonomy":"category","embeddable":true,"href":"https:\/\/corrientesdetarde.com\/index.php\/wp-json\/wp\/v2\/categories?post=194938"},{"taxonomy":"post_tag","embeddable":true,"href":"https:\/\/corrientesdetarde.com\/index.php\/wp-json\/wp\/v2\/tags?post=194938"}],"curies":[{"name":"wp","href":"https:\/\/api.w.org\/{rel}","templated":true}]}}