{"id":194944,"date":"2025-03-06T14:57:26","date_gmt":"2025-03-06T17:57:26","guid":{"rendered":"https:\/\/corrientesdetarde.com\/?p=194944"},"modified":"2025-03-06T14:57:38","modified_gmt":"2025-03-06T17:57:38","slug":"para-el-fmi-el-gobierno-no-necesita-un-aval-del-congreso-para-firmar-el-acuerdo","status":"publish","type":"post","link":"https:\/\/corrientesdetarde.com\/index.php\/economia\/para-el-fmi-el-gobierno-no-necesita-un-aval-del-congreso-para-firmar-el-acuerdo\/","title":{"rendered":"Para el FMI, el Gobierno no necesita un aval del Congreso para firmar el acuerdo"},"content":{"rendered":"\n<p>La portavoz del organismo, Julie Kozack, se refiri\u00f3 a la negociaci\u00f3n con la Argentina en una conferencia de prensa. Los analistas del mercado esperan definiciones sobre el cronograma de desembolsos y el futuro del esquema cambiario.<\/p>\n\n\n\n<p>Mientras el Gobierno asegura que el cierre de la negociaci\u00f3n con el\u00a0<strong>FMI<\/strong>\u00a0es inminente y\u00a0presiona para obtener el apoyo del Congreso, el organismo asegur\u00f3 que ser\u00e1 mejor cuanto m\u00e1s apoyo tenga el nuevo acuerdo. As\u00ed lo manifest\u00f3 la vocera del organismo,\u00a0<strong>Julie Kozack,<\/strong>\u00a0en una conferencia de prensa.<\/p>\n\n\n\n<p>\u201cTomamos nota del compromiso de Milei para tener el respaldo del Congreso para un nuevo programa. El apoyo y compromiso de todos son clave para el \u00e9xito del programa. La aprobaci\u00f3n del Congreso es algo m\u00e1s del pa\u00eds, pero cuanto m\u00e1s apoyo tenga, mejor, sin dudas\u201d, sostuvo la portavoz.<\/p>\n\n\n\n<p>Kozack elogi\u00f3 los resultados del programa econ\u00f3mico de<strong>&nbsp;Javier Milei<\/strong>. En esa l\u00ednea, resalt\u00f3 que&nbsp;<strong>redujo la inflaci\u00f3n<\/strong>;&nbsp;<strong>estabiliz\u00f3<\/strong>&nbsp;la econom\u00eda, que volvi\u00f3 a crecer; y<strong>&nbsp;empez\u00f3 a bajar la pobreza<\/strong>. A la vez, asegur\u00f3 que las conversaciones con las autoridades locales siguen siendo&nbsp;<strong>constructivas<\/strong>. \u201cAmbas partes entienden que tienen que continuar con las pol\u00edticas fiscales y monetarias y&nbsp;<strong>seguir con las reformas<\/strong>&nbsp;y que un nuevo programa debe ir en esa l\u00ednea para buscar soluciones a los retos futuros\u201d, cont\u00f3.<\/p>\n\n\n\n<figure class=\"wp-block-image\"><img decoding=\"async\" src=\"https:\/\/tn.com.ar\/resizer\/v2\/javier-milei-abrio-las-sesiones-ordinarias-en-el-congreso-y-se-refirio-al-acuerdo-con-el-fmi-foto-reutersagustin-marcarian-DSPA6U6WTFATJFRBO6LAGJMET4.png?auth=0a201856de1ced571e271f9745864b81e43a641d0c15277d03de34b6dfb506c4&amp;width=767\" alt=\"Javier Milei abri\u00f3 las sesiones ordinarias en el Congreso y se refiri\u00f3 al acuerdo con el FMI. (Foto: REUTERS\/Agustin Marcarian).\"\/><\/figure>\n\n\n\n<p>\u201cLos detalles de la negociaci\u00f3n y la envergadura del acuerdo&nbsp;<strong>todav\u00eda se est\u00e1n debatiendo&nbsp;<\/strong>en este di\u00e1logo constante que tenemos con las autoridades e iremos compartiendo la informaci\u00f3n a medida que la tengamos disponible\u201d, indic\u00f3 la vocera.<\/p>\n\n\n\n<p><strong>Sin hablar de plazos<\/strong>, la funcionaria del FMI aclar\u00f3 que, una vez que las negociaciones hayan terminado, como con cualquier pa\u00eds, deben pasar por la<strong>&nbsp;aprobaci\u00f3n del Directorio<\/strong>&nbsp;del organismo. En cambio, dijo que el acompa\u00f1amiento del Congreso es una cuesti\u00f3n local.<\/p>\n\n\n\n<h2 class=\"wp-block-heading\">Siguen las reuniones entre el Gobierno y el FMI<\/h2>\n\n\n\n<p>La semana pasada, la subdirectora del FMI,&nbsp;<strong>Gita Gopinath<\/strong>, mantuvo una reuni\u00f3n virtual con el ministro de Econom\u00eda,&nbsp;<strong>Luis Caputo<\/strong>, y el presidente del Banco Central,&nbsp;<strong>Santiago Bausili<\/strong>. Los funcionarios argentinos van a ser los encargados de ponerle la firma al acuerdo, una vez que se termine la discusi\u00f3n con los t\u00e9cnicos de la entidad multilateral.<\/p>\n\n\n\n<figure class=\"wp-block-image\"><img decoding=\"async\" src=\"https:\/\/tn.com.ar\/resizer\/v2\/luis-caputo-y-santiago-bausili-se-reunieron-virtualmente-con-gita-gopinath-la-subdirectora-del-fmi-la-semana-pasada-foto-x-gitagopinath-3FWUQCMT7RFEXLSRCBBRWU4CAM.jpg?auth=0276c847c5339e2d3490435e3a87cb3d1e572d805dea63bc6c370bd3091c0848&amp;width=767\" alt=\"Luis Caputo y Santiago Bausili se reunieron virtualmente con Gita Gopinath, la subdirectora del FMI, la semana pasada. (Foto: X \/ @gitagopinath).\"\/><\/figure>\n\n\n\n<p>La economista de origen indio\u00a0coment\u00f3 el encuentro en\u00a0<em>X<\/em>: \u201cSe est\u00e1n logrando\u00a0<strong>muy buenos avances\u00a0<\/strong>en las negociaciones para un nuevo programa respaldado por el Fondo para seguir mejorando la\u00a0<strong>estabilidad<\/strong>\u00a0y el\u00a0<strong>crecimiento<\/strong>\u00a0en Argentina\u201d.<\/p>\n\n\n\n<p>En un contexto de suba del riesgo pa\u00eds, el mercado aguarda con ansiedad el cierre del nuevo programa de facilidades extendidas. Los analistas esperan que\u00a0la letra chica porte varias definiciones: la cantidad y el\u00a0<strong>cronograma de desembolsos<\/strong>, el\u00a0<strong>uso<\/strong>\u00a0que el Gobierno podr\u00e1 hacer de los fondos frescos y\u00a0<strong>el esquema cambiario<\/strong>\u00a0que se pondr\u00e1 en marcha a partir del acuerdo.<\/p>\n","protected":false},"excerpt":{"rendered":"<p>La portavoz del organismo, Julie Kozack, se refiri\u00f3 a la negociaci\u00f3n con la Argentina en una conferencia de prensa. Los analistas del mercado esperan definiciones sobre el cronograma de desembolsos&hellip; <\/p>\n","protected":false},"author":8,"featured_media":194945,"comment_status":"closed","ping_status":"open","sticky":false,"template":"","format":"standard","meta":{"footnotes":""},"categories":[20],"tags":[],"class_list":["post-194944","post","type-post","status-publish","format-standard","has-post-thumbnail","hentry","category-economia"],"_links":{"self":[{"href":"https:\/\/corrientesdetarde.com\/index.php\/wp-json\/wp\/v2\/posts\/194944","targetHints":{"allow":["GET"]}}],"collection":[{"href":"https:\/\/corrientesdetarde.com\/index.php\/wp-json\/wp\/v2\/posts"}],"about":[{"href":"https:\/\/corrientesdetarde.com\/index.php\/wp-json\/wp\/v2\/types\/post"}],"author":[{"embeddable":true,"href":"https:\/\/corrientesdetarde.com\/index.php\/wp-json\/wp\/v2\/users\/8"}],"replies":[{"embeddable":true,"href":"https:\/\/corrientesdetarde.com\/index.php\/wp-json\/wp\/v2\/comments?post=194944"}],"version-history":[{"count":1,"href":"https:\/\/corrientesdetarde.com\/index.php\/wp-json\/wp\/v2\/posts\/194944\/revisions"}],"predecessor-version":[{"id":194946,"href":"https:\/\/corrientesdetarde.com\/index.php\/wp-json\/wp\/v2\/posts\/194944\/revisions\/194946"}],"wp:featuredmedia":[{"embeddable":true,"href":"https:\/\/corrientesdetarde.com\/index.php\/wp-json\/wp\/v2\/media\/194945"}],"wp:attachment":[{"href":"https:\/\/corrientesdetarde.com\/index.php\/wp-json\/wp\/v2\/media?parent=194944"}],"wp:term":[{"taxonomy":"category","embeddable":true,"href":"https:\/\/corrientesdetarde.com\/index.php\/wp-json\/wp\/v2\/categories?post=194944"},{"taxonomy":"post_tag","embeddable":true,"href":"https:\/\/corrientesdetarde.com\/index.php\/wp-json\/wp\/v2\/tags?post=194944"}],"curies":[{"name":"wp","href":"https:\/\/api.w.org\/{rel}","templated":true}]}}