{"id":194947,"date":"2025-03-06T15:00:21","date_gmt":"2025-03-06T18:00:21","guid":{"rendered":"https:\/\/corrientesdetarde.com\/?p=194947"},"modified":"2025-03-06T15:00:33","modified_gmt":"2025-03-06T18:00:33","slug":"la-ue-debate-en-una-cumbre-como-apoyar-a-ucrania-tras-el-giro-de-estados-unidos","status":"publish","type":"post","link":"https:\/\/corrientesdetarde.com\/index.php\/internacionales\/la-ue-debate-en-una-cumbre-como-apoyar-a-ucrania-tras-el-giro-de-estados-unidos\/","title":{"rendered":"La UE debate en una cumbre c\u00f3mo apoyar a Ucrania tras el giro de Estados Unidos"},"content":{"rendered":"\n<p>El presidente de Francia, Emmanuel Macron, alert\u00f3 sobre la \u201camenaza rusa\u201d y afirm\u00f3 que \u201cla agresividad\u201d de Mosc\u00fa \u201cno parece conocer fronteras\u201d.<\/p>\n\n\n\n<p>Los dirigentes de la\u00a0<strong>Uni\u00f3n Europea<\/strong>\u00a0mantienen este jueves en Bruselas una cumbre especial en la que analizan c\u00f3mo respaldar a Ucrania, ante la suspensi\u00f3n de la ayuda militar estadounidense a ese pa\u00eds tras el\u00a0duro cruce entre Donald Trump y el presidente ucraniano Volodimir Zelenski.<\/p>\n\n\n\n<p>Europa y Ucrania est\u00e1n ante&nbsp;<strong>\u201cun momento decisivo\u201d<\/strong>, dijo la presidenta de la Comisi\u00f3n Europea,&nbsp;<strong>Ursula von der Leyen<\/strong>, al recibir al mandatario ucraniano, Volodimir Zelenski.<\/p>\n\n\n\n<p>Se trata de la primera cumbre europea despu\u00e9s de la explosiva reuni\u00f3n de la semana pasada entre Zelenski, Trump y su vice JD Vance, en el que acusaron al mandatario ucraniano de organizar \u201ctours propagand\u00edsticos\u201d y lo tacharon de desagradecido.<\/p>\n\n\n\n<p>Poco despu\u00e9s, EE.UU.\u00a0anunci\u00f3 la suspensi\u00f3n de su ayuda militar a Ucrania, un gesto que dej\u00f3 a los europeos ante la urgencia de definir una\u00a0respuesta com\u00fan.<\/p>\n\n\n\n<figure class=\"wp-block-image\"><img decoding=\"async\" src=\"https:\/\/tn.com.ar\/resizer\/v2\/zelenski-saluda-al-presidente-espanol-pedro-sanchez-foto-reuterschristian-hartmann-7DVLYSV7KI7UFOPGDNOPIKUKII.jpg?auth=67b5d496432b2c51fb6cd5c49d8888e85cfae9abb5c92d0fe78557ae9532a204&amp;width=767\" alt=\"Zelenski saluda al presidente espa\u00f1ol Pedro Sanchez. (Foto: REUTERS\/Christian Hartmann).\"\/><\/figure>\n\n\n\n<p>Zelenski agradeci\u00f3 este jueves el apoyo europeo y destac\u00f3 que ese respaldo hace que los ucranianos no est\u00e9n solos.<\/p>\n\n\n\n<p>El jefe de Gobierno de Espa\u00f1a, Pedro S\u00e1nchez, dijo al llegar a la cumbre que Europa respalda a Ucrania \u201cporque defendemos su inter\u00e9s territorial, porque defendemos la soberan\u00eda nacional\u201d.<\/p>\n\n\n\n<p>El escenario cambi\u00f3 radicalmente luego de que Trump volviera al poder e iniciara&nbsp;<strong>conversaciones directas con Rusia<\/strong>&nbsp;sobre el fin del conflicto entre ucranianos y rusos.<\/p>\n\n\n\n<p>Esos contactos&nbsp;<strong>excluyen tanto a los propios ucranianos como a los europeos<\/strong>, que ahora buscan un lugar en la mesa de negociaciones.<\/p>\n\n\n\n<p>El acercamiento entre Trump y Putin hace temer la&nbsp;<strong>imposici\u00f3n de una paz contraria a los intereses de Ucrania&nbsp;<\/strong>y de Europa, conconcesiones territoriales como v\u00eda para cerrar el conflicto.<\/p>\n\n\n\n<p>En ese escenario, el primer ministro brit\u00e1nico, Keir Starmer, organiz\u00f3 el pasado domingo una reuni\u00f3n de urgencia con Zelenski y dirigentes europeos.<\/p>\n\n\n\n<h2 class=\"wp-block-heading\">Macron afirm\u00f3 que \u201cla amenaza rusa est\u00e1 aqu\u00ed\u201d<\/h2>\n\n\n\n<p>En un mensaje a la naci\u00f3n, el presidente de Francia,&nbsp;<strong>Emmanuel Macron<\/strong>, dijo el mi\u00e9rcoles que los franceses est\u00e1n \u201cleg\u00edtimamente preocupados\u201d con el inicio de \u201cuna nueva era\u201d por el cambio de postura en Washington.<\/p>\n\n\n\n<p>\u201c<strong>La amenaza rusa est\u00e1 aqu\u00ed y afecta a los pa\u00edses de Europa<\/strong>, nos afecta a nosotros\u201d, subray\u00f3&nbsp;<em>Macron<\/em>&nbsp;al recordar que Rusia \u201cya ha convertido el conflicto ucraniano en un conflicto mundial\u201d, \u201c<strong>viola nuestras fronteras<\/strong>&nbsp;para asesinar a opositores, manipula las elecciones en Rumania y Moldavia\u201d, \u201corganiza ataques digitales contra nuestros hospitales\u201d e \u201c<strong>intenta manipular nuestras opiniones<\/strong>&nbsp;con mentiras difundidas en las redes sociales\u201d.<\/p>\n\n\n\n<figure class=\"wp-block-image\"><img decoding=\"async\" src=\"https:\/\/tn.com.ar\/resizer\/v2\/zelenski-mantuvo-una-reunion-con-el-presidente-frances-emmanuel-macron-foto-reutersludovic-marin-JDPCYHNM7WUG5EZAD7DX36UCDI.jpg?auth=02f0122bfa1b6b935b7c14f08d398d5474a14afb0784f980547907597ad9b6cc&amp;width=767\" alt=\"Zelenski mantuvo una reuni\u00f3n con el presidente franc\u00e9s Emmanuel Macron. (Foto: Reuters\/Ludovic Marin).\"\/><\/figure>\n\n\n\n<p><em><strong>Macron<\/strong><\/em>&nbsp;consider\u00f3 que \u201cfrente a este mundo en peligro, ser\u00eda una locura permanecer como espectador\u201d.<\/p>\n\n\n\n<p>El mandatario galo llam\u00f3 al rearme de Europa y propuso&nbsp;<strong>enviar tropas europeas a Ucrania en caso de un acuerdo de paz con Rusia<\/strong>, y dijo adem\u00e1s que est\u00e1 dispuesto a \u201cabrir el debate estrat\u00e9gico\u201d sobre la protecci\u00f3n del continente con ayuda del paraguas nuclear franc\u00e9s.<\/p>\n\n\n\n<p>Adem\u00e1s, el ministro de Defensa franc\u00e9s,<strong>&nbsp;S\u00e9bastien Lecornu, indic\u00f3 que Francia<\/strong>&nbsp;est\u00e1 proporcionando inteligencia militar a Ucraniadespu\u00e9s de que Washingtonanunci\u00f3 que congelar\u00eda el intercambio de informaci\u00f3n con Kiev.<\/p>\n\n\n\n<h2 class=\"wp-block-heading\">Plan masivo para el rearme de Europa<\/h2>\n\n\n\n<p>La Comisi\u00f3n Europea, el brazo ejecutivo de la UE, lanz\u00f3 esta semana un&nbsp;<strong>plan para rearmar Europa<\/strong>&nbsp;mediante la movilizaci\u00f3n de un enorme volumen de recursos.<\/p>\n\n\n\n<p>Von der Leyen estima que el plan podr\u00eda utilizar&nbsp;<strong>hasta 800.000 millones de<\/strong>&nbsp;euros para el rearme.<\/p>\n\n\n\n<p>Una parte clave de ese plan es&nbsp;<strong>flexibilizar las normas fiscales del bloque<\/strong>, que limitan el gasto p\u00fablico, para que los pa\u00edses puedan invertir m\u00e1s en Defensa.<\/p>\n\n\n\n<p>Otro de los temas a ser discutidos por los dirigentes europeos este jueves son las&nbsp;<strong>garant\u00edas de seguridad<\/strong>&nbsp;que pueden ofrecer para verificar un eventual acuerdo para el cese de hostilidades.<\/p>\n\n\n\n<p>Zelenski incluso sugiri\u00f3 la&nbsp;<strong>creaci\u00f3n de un ej\u00e9rcito europeo<\/strong>, argumentando que el continente ya no puede contar con Washington.<\/p>\n\n\n\n<p>Los pa\u00edses del bloque est\u00e1n de acuerdo en que deben aumentar sus gastos militares para reforzar las capacidades de seguridad, una demanda reiterada por Trump.<\/p>\n\n\n\n<p>Los pa\u00edses de la OTAN acordaron gastar al menos el 2% de sus respectivos PBI nacionales, pero Trump insisti\u00f3 en que ese nivel debe llegar al 5%, una meta inalcanzable para la mayor\u00eda.<\/p>\n","protected":false},"excerpt":{"rendered":"<p>El presidente de Francia, Emmanuel Macron, alert\u00f3 sobre la \u201camenaza rusa\u201d y afirm\u00f3 que \u201cla agresividad\u201d de Mosc\u00fa \u201cno parece conocer fronteras\u201d. Los dirigentes de la\u00a0Uni\u00f3n Europea\u00a0mantienen este jueves en&hellip; <\/p>\n","protected":false},"author":8,"featured_media":194948,"comment_status":"closed","ping_status":"open","sticky":false,"template":"","format":"standard","meta":{"footnotes":""},"categories":[11],"tags":[],"class_list":["post-194947","post","type-post","status-publish","format-standard","has-post-thumbnail","hentry","category-internacionales"],"_links":{"self":[{"href":"https:\/\/corrientesdetarde.com\/index.php\/wp-json\/wp\/v2\/posts\/194947","targetHints":{"allow":["GET"]}}],"collection":[{"href":"https:\/\/corrientesdetarde.com\/index.php\/wp-json\/wp\/v2\/posts"}],"about":[{"href":"https:\/\/corrientesdetarde.com\/index.php\/wp-json\/wp\/v2\/types\/post"}],"author":[{"embeddable":true,"href":"https:\/\/corrientesdetarde.com\/index.php\/wp-json\/wp\/v2\/users\/8"}],"replies":[{"embeddable":true,"href":"https:\/\/corrientesdetarde.com\/index.php\/wp-json\/wp\/v2\/comments?post=194947"}],"version-history":[{"count":1,"href":"https:\/\/corrientesdetarde.com\/index.php\/wp-json\/wp\/v2\/posts\/194947\/revisions"}],"predecessor-version":[{"id":194949,"href":"https:\/\/corrientesdetarde.com\/index.php\/wp-json\/wp\/v2\/posts\/194947\/revisions\/194949"}],"wp:featuredmedia":[{"embeddable":true,"href":"https:\/\/corrientesdetarde.com\/index.php\/wp-json\/wp\/v2\/media\/194948"}],"wp:attachment":[{"href":"https:\/\/corrientesdetarde.com\/index.php\/wp-json\/wp\/v2\/media?parent=194947"}],"wp:term":[{"taxonomy":"category","embeddable":true,"href":"https:\/\/corrientesdetarde.com\/index.php\/wp-json\/wp\/v2\/categories?post=194947"},{"taxonomy":"post_tag","embeddable":true,"href":"https:\/\/corrientesdetarde.com\/index.php\/wp-json\/wp\/v2\/tags?post=194947"}],"curies":[{"name":"wp","href":"https:\/\/api.w.org\/{rel}","templated":true}]}}