{"id":194965,"date":"2025-03-06T16:47:22","date_gmt":"2025-03-06T19:47:22","guid":{"rendered":"https:\/\/corrientesdetarde.com\/?p=194965"},"modified":"2025-03-06T16:47:34","modified_gmt":"2025-03-06T19:47:34","slug":"el-papa-francisco-continua-estable-y-no-tuvo-nuevas-crisis-respiratorias","status":"publish","type":"post","link":"https:\/\/corrientesdetarde.com\/index.php\/internacionales\/el-papa-francisco-continua-estable-y-no-tuvo-nuevas-crisis-respiratorias\/","title":{"rendered":"El papa Francisco contin\u00faa estable y no tuvo nuevas crisis respiratorias"},"content":{"rendered":"\n<p>El Vaticano inform\u00f3 este jueves que el sumo pont\u00edfice, quien est\u00e1 internado desde el 14 de febrero, pas\u00f3 una buena noche de descanso y que sigue recuper\u00e1ndose.<\/p>\n\n\n\n<p>El\u00a0<strong>papa Francisco<\/strong>\u00a0cumple 21 d\u00edas de internaci\u00f3n en el\u00a0<strong>Hospital Gemelli<\/strong>, en Roma. El\u00a0<strong>anuncio matutino<\/strong>\u00a0indic\u00f3 que, aunque su cuadro cl\u00ednico sigue siendo \u201ccomplejo\u201d, el Santo Padre volvi\u00f3 a tener una noche serena y sigue mejorando. Por la tarde, el Vaticano inform\u00f3, en el segundo parte m\u00e9dico del d\u00eda, quesu salud permanece\u00a0<strong>\u201cestable<\/strong>\u00a0<strong>y sin nuevas crisis respiratorias\u201d<\/strong>.<\/p>\n\n\n\n<p>\u201dLas condiciones cl\u00ednicas del Santo Padre se mantuvieron&nbsp;<strong>estables&nbsp;<\/strong>respecto a los d\u00edas anteriores\u201d, pero el pron\u00f3stico sigue siendo \u201creservado\u201d, precis\u00f3 la Santa Sede en el informe m\u00e9dico que env\u00eda a diario desde el ingreso del pont\u00edfice en la cl\u00ednica Gemelli de Roma, el 14 de febrero.<\/p>\n\n\n\n<p>A trav\u00e9s de un comunicado breve, detallaron este jueves que el pont\u00edfice&nbsp;<strong>\u201csigue descansando\u201d&nbsp;<\/strong>y que su estado de \u00e1nimo sigue siendo bueno. Adem\u00e1s, indicaron que \u201c<strong>est\u00e1&nbsp;<\/strong><strong>cooperando con el tratamiento<\/strong>\u201d.Dado el cuadro cl\u00ednico estable, la Santa Sede anunci\u00f3 que&nbsp;<strong>el pr\u00f3ximo parte m\u00e9dico ser\u00e1 emitido el s\u00e1bado<\/strong>.<\/p>\n\n\n\n<p>Tras las dos\u00a0<strong>crisis respiratorias<\/strong>\u00a0que sufri\u00f3 el lunes, el Papa lleva dos d\u00edas seguidos sin experimentar este tipo de episodios, de acuerdo con lo reportado. Incluso ayer se inform\u00f3, por primera vez, que inici\u00f3\u00a0<strong>fisioterapia motora o muscular<\/strong>.<\/p>\n\n\n\n<figure class=\"wp-block-image\"><img decoding=\"async\" src=\"https:\/\/tn.com.ar\/resizer\/v2\/se-registraron-distintas-manifestaciones-de-afecto-y-preocupacion-hacia-el-papa-francisco-foto-efeepaangelo-carconi-JDKNQBUUZRDPXKR24IW3OP4SOQ.jfif?auth=5cb9ea074b03b356a965ad5829552e95e6b2d9564ae3d12dafd41289e416b00c&amp;width=767\" alt=\"Se registraron distintas manifestaciones de afecto y preocupaci\u00f3n hacia el papa Francisco. (Foto: EFE\/EPA\/Angelo Carconi)\"\/><\/figure>\n\n\n\n<p>Asimismo, los par\u00e1metros hemodin\u00e1micos y los an\u00e1lisis de sangre del Papa se mantuvieron dentro de los&nbsp;<strong>valores normales<\/strong>, y hasta el momento&nbsp;<strong>no registr\u00f3 fiebre<\/strong>. Sin embargo, los m\u00e9dicos decidieron continuar con el pron\u00f3stico reservado y monitorear la evoluci\u00f3n de Francisco.<\/p>\n\n\n\n<p>A pesar de su estado de salud, el Papa Francisco&nbsp;<strong>realiz\u00f3 algunas actividades de trabajo<\/strong>&nbsp;tanto en la ma\u00f1ana como en la tarde, altern\u00e1ndolas con per\u00edodos de descanso y oraci\u00f3n. Adem\u00e1s, antes del almuerzo, recibi\u00f3 la Eucarist\u00eda.<\/p>\n\n\n\n<p>Como estaba previsto, tras la ventilaci\u00f3n mec\u00e1nica no invasiva durante la noche, por la ma\u00f1ana volvi\u00f3 a la oxigenaci\u00f3n de alto flujo con el uso de&nbsp;<strong>c\u00e1nulas nasales<\/strong>\u201d, explicaron.<\/p>\n\n\n\n<p>Consultadas sobre si el Vaticano piensa&nbsp;<strong>publicar una imagen del Papa en el hospital<\/strong>, las fuentes indicaron que&nbsp;<strong>\u201ccada uno es libre de c\u00f3mo elegir y cu\u00e1ndo hacerse ver<\/strong>, especialmente cuando est\u00e1s hospitalizado\u201d. \u201dVeremos cuando llegue el momento, ahora no est\u00e1 disponible\u201d, dijeron, antes de agregar que \u201cuna foto puede que nunca sea suficiente para algunas personas\u201d.<\/p>\n\n\n\n<p>Mientras sigue con su recuperaci\u00f3n, los&nbsp;<strong>mensajes de apoyo y las plegarias<\/strong>&nbsp;por el papa Francisco contin\u00faan lleg\u00e1ndole desde todos los rincones del mundo en coincidencia con la Cuaresma, el per\u00edodo de seis semanas del a\u00f1o cristiano destinado a la preparaci\u00f3n espiritual para la Semana Santa.<\/p>\n\n\n\n<p>Las Iglesias de Venezuela y Paraguay pidieron para que el Se\u00f1or interceda por Francisco, en tanto que en la plaza de San Pedro del Vaticano, decenas de fieles y miembros de la Curia romana volver\u00e1n a reunirse este jueves para el rezo del Rosario y pedir por la pronta recuperaci\u00f3n del pont\u00edfice.<\/p>\n","protected":false},"excerpt":{"rendered":"<p>El Vaticano inform\u00f3 este jueves que el sumo pont\u00edfice, quien est\u00e1 internado desde el 14 de febrero, pas\u00f3 una buena noche de descanso y que sigue recuper\u00e1ndose. El\u00a0papa Francisco\u00a0cumple 21&hellip; <\/p>\n","protected":false},"author":8,"featured_media":194966,"comment_status":"closed","ping_status":"open","sticky":false,"template":"","format":"standard","meta":{"footnotes":""},"categories":[11],"tags":[],"class_list":["post-194965","post","type-post","status-publish","format-standard","has-post-thumbnail","hentry","category-internacionales"],"_links":{"self":[{"href":"https:\/\/corrientesdetarde.com\/index.php\/wp-json\/wp\/v2\/posts\/194965","targetHints":{"allow":["GET"]}}],"collection":[{"href":"https:\/\/corrientesdetarde.com\/index.php\/wp-json\/wp\/v2\/posts"}],"about":[{"href":"https:\/\/corrientesdetarde.com\/index.php\/wp-json\/wp\/v2\/types\/post"}],"author":[{"embeddable":true,"href":"https:\/\/corrientesdetarde.com\/index.php\/wp-json\/wp\/v2\/users\/8"}],"replies":[{"embeddable":true,"href":"https:\/\/corrientesdetarde.com\/index.php\/wp-json\/wp\/v2\/comments?post=194965"}],"version-history":[{"count":1,"href":"https:\/\/corrientesdetarde.com\/index.php\/wp-json\/wp\/v2\/posts\/194965\/revisions"}],"predecessor-version":[{"id":194967,"href":"https:\/\/corrientesdetarde.com\/index.php\/wp-json\/wp\/v2\/posts\/194965\/revisions\/194967"}],"wp:featuredmedia":[{"embeddable":true,"href":"https:\/\/corrientesdetarde.com\/index.php\/wp-json\/wp\/v2\/media\/194966"}],"wp:attachment":[{"href":"https:\/\/corrientesdetarde.com\/index.php\/wp-json\/wp\/v2\/media?parent=194965"}],"wp:term":[{"taxonomy":"category","embeddable":true,"href":"https:\/\/corrientesdetarde.com\/index.php\/wp-json\/wp\/v2\/categories?post=194965"},{"taxonomy":"post_tag","embeddable":true,"href":"https:\/\/corrientesdetarde.com\/index.php\/wp-json\/wp\/v2\/tags?post=194965"}],"curies":[{"name":"wp","href":"https:\/\/api.w.org\/{rel}","templated":true}]}}