{"id":194971,"date":"2025-03-06T16:53:16","date_gmt":"2025-03-06T19:53:16","guid":{"rendered":"https:\/\/corrientesdetarde.com\/?p=194971"},"modified":"2025-03-06T16:53:22","modified_gmt":"2025-03-06T19:53:22","slug":"cual-es-la-cifra-millonaria-que-dejo-de-recaudar-el-estado-con-la-baja-temporal-de-las-retenciones","status":"publish","type":"post","link":"https:\/\/corrientesdetarde.com\/index.php\/economia\/cual-es-la-cifra-millonaria-que-dejo-de-recaudar-el-estado-con-la-baja-temporal-de-las-retenciones\/","title":{"rendered":"Cu\u00e1l es la cifra millonaria que dej\u00f3 de recaudar el Estado con la baja temporal de las retenciones"},"content":{"rendered":"\n<p>La medida signific\u00f3 unos US$100 millones menos para el fisco, solo en febrero, con el objetivo de mejorar el precio que reciben los productores, seg\u00fan analiz\u00f3 el consultor y ex funcionario, Javier Preciado Pati\u00f1o.<\/p>\n\n\n\n<p>La <strong>baja temporal de las retenciones<\/strong>a los principales granos, que el Gobierno nacional instrument\u00f3 a fines de enero y regir\u00e1 hasta el 30 de junio inclusive, signific\u00f3 unos\u00a0<strong>US$100 millones menos de recaudaci\u00f3n para el fisco en febrero,<\/strong>\u00a0con el objetivo de mejorar el precio que reciben los productores.<\/p>\n\n\n\n<p>\u201c\u00bfCu\u00e1l fue el costo fiscal de reducci\u00f3n de retenciones en el complejo soja durante febrero? En funci\u00f3n de las DJVE registradas,<strong>&nbsp;la baja temporaria signific\u00f3 unos US$100 millones menos para el fisco o una transferencia a los productores v\u00eda mejor precio<\/strong>\u201d, afirm\u00f3 el ex subsecretario de Mercados Agropecuarios de la Naci\u00f3n,&nbsp;<strong>Javier Preciado Pati\u00f1o,<\/strong>&nbsp;en su cuenta de X (ex Twitter).<\/p>\n\n\n\n<p>Al respecto, Pati\u00f1o, quien fue funcionario durante el gobierno de<strong>\u00a0Alberto Fern\u00e1ndez<\/strong>, explic\u00f3: \u201cLo que el fisco resign\u00f3 signific\u00f3 pasar de dejar US$1.051 millones para el agro, a dejar US$1.151, es decir un 9,5% m\u00e1s\u201d.<\/p>\n\n\n\n<p>Seg\u00fan el \u00faltimo informe trimestral de la Fundaci\u00f3n Agropecuaria para el Desarrollo de Argentina (FADA),<strong>&nbsp;el Estado se queda con $64,30 de cada $100 de renta agr\u00edcola<\/strong>.<\/p>\n\n\n\n<p>El \u00edndice subi\u00f3 2,8 puntos desde la medici\u00f3n de septiembre, principalmente por la ca\u00edda de precios y el menor efecto del d\u00f3lar exportador.<\/p>\n\n\n\n<p>Comparado con diciembre 2023 es 5,4 puntos m\u00e1s alto. Si se desglosa lo que se paga por jurisdicci\u00f3n,&nbsp;<strong>94,7% son impuestos nacionales, 4,7% provinciales y el resto municipales.<\/strong><\/p>\n\n\n\n<figure class=\"wp-block-image\"><img decoding=\"async\" src=\"https:\/\/tn.com.ar\/resizer\/v2\/tweet-preciado-patino-TUSEIAJH4NF2BG6PWL2BETELYU.JPG?auth=9b68feffabe87737dab84d77e4ffe3eb890e14a8efb620450539d01cbffc8cdc&amp;width=767\" alt=\"tweet preciado pati\u00f1o\"\/><\/figure>\n\n\n\n<p>De esos impuestos nacionales, el 67,5% no se coparticipan a las provincias, principalmente son los derechos de exportaci\u00f3n (DEX).<\/p>\n\n\n\n<p>\u201cA modo de ejercicio, si desaparecieran los DEX la participaci\u00f3n del Estado ser\u00eda del 36%. Un escenario que no s\u00f3lo ser\u00eda positivo para el productor sino que permitir\u00eda que se generen nuevos puestos de trabajo y mayores inversiones. Esto a su vez implicar\u00eda un mayor movimiento en diferentes regiones del pa\u00eds y un crecimiento en diversas \u00e1reas de la sociedad, ser\u00eda positivo para todos los argentinos\u201d,afirm\u00f3&nbsp;<strong>Nicolle Pisani Claro, e<\/strong>conomista Jefe de FADA.<\/p>\n\n\n\n<p>En este contexto, las<strong>&nbsp;4 entidades de la mesa de enlace (CRA, SRA, FAA y Coninagro)<\/strong>&nbsp;reclaman que la reducci\u00f3n temporal de las retenciones sea permanente.<\/p>\n\n\n\n<p>Sin embargo, el ministro de Econom\u00eda,&nbsp;<strong>Luis Caputo<\/strong>, asever\u00f3 que la decisi\u00f3n del Gobierno ser\u00e1 dar por finalizada la medida el pr\u00f3ximo 30 de junio, debido a la necesidad de consolidar el super\u00e1vit fiscal.<\/p>\n\n\n\n<p>De esta manera, el Gobierno busca darle un incentivo a los productores para que aceleren la comercializaci\u00f3n de granos y el ingreso de d\u00f3lares de los exportadores al&nbsp;<strong>Banco Central de la Rep\u00fablica Argentina (BCRA).<\/strong><\/p>\n","protected":false},"excerpt":{"rendered":"<p>La medida signific\u00f3 unos US$100 millones menos para el fisco, solo en febrero, con el objetivo de mejorar el precio que reciben los productores, seg\u00fan analiz\u00f3 el consultor y ex&hellip; <\/p>\n","protected":false},"author":8,"featured_media":194972,"comment_status":"closed","ping_status":"open","sticky":false,"template":"","format":"standard","meta":{"footnotes":""},"categories":[20],"tags":[],"class_list":["post-194971","post","type-post","status-publish","format-standard","has-post-thumbnail","hentry","category-economia"],"_links":{"self":[{"href":"https:\/\/corrientesdetarde.com\/index.php\/wp-json\/wp\/v2\/posts\/194971","targetHints":{"allow":["GET"]}}],"collection":[{"href":"https:\/\/corrientesdetarde.com\/index.php\/wp-json\/wp\/v2\/posts"}],"about":[{"href":"https:\/\/corrientesdetarde.com\/index.php\/wp-json\/wp\/v2\/types\/post"}],"author":[{"embeddable":true,"href":"https:\/\/corrientesdetarde.com\/index.php\/wp-json\/wp\/v2\/users\/8"}],"replies":[{"embeddable":true,"href":"https:\/\/corrientesdetarde.com\/index.php\/wp-json\/wp\/v2\/comments?post=194971"}],"version-history":[{"count":1,"href":"https:\/\/corrientesdetarde.com\/index.php\/wp-json\/wp\/v2\/posts\/194971\/revisions"}],"predecessor-version":[{"id":194973,"href":"https:\/\/corrientesdetarde.com\/index.php\/wp-json\/wp\/v2\/posts\/194971\/revisions\/194973"}],"wp:featuredmedia":[{"embeddable":true,"href":"https:\/\/corrientesdetarde.com\/index.php\/wp-json\/wp\/v2\/media\/194972"}],"wp:attachment":[{"href":"https:\/\/corrientesdetarde.com\/index.php\/wp-json\/wp\/v2\/media?parent=194971"}],"wp:term":[{"taxonomy":"category","embeddable":true,"href":"https:\/\/corrientesdetarde.com\/index.php\/wp-json\/wp\/v2\/categories?post=194971"},{"taxonomy":"post_tag","embeddable":true,"href":"https:\/\/corrientesdetarde.com\/index.php\/wp-json\/wp\/v2\/tags?post=194971"}],"curies":[{"name":"wp","href":"https:\/\/api.w.org\/{rel}","templated":true}]}}