{"id":194974,"date":"2025-03-06T17:17:54","date_gmt":"2025-03-06T20:17:54","guid":{"rendered":"https:\/\/corrientesdetarde.com\/?p=194974"},"modified":"2025-03-06T17:17:57","modified_gmt":"2025-03-06T20:17:57","slug":"las-redes-de-especialidades-logran-una-mayor-capacidad-resolutiva-en-casos","status":"publish","type":"post","link":"https:\/\/corrientesdetarde.com\/index.php\/bienestar-y-salud\/las-redes-de-especialidades-logran-una-mayor-capacidad-resolutiva-en-casos\/","title":{"rendered":"Las Redes de Especialidades logran una mayor capacidad resolutiva en casos"},"content":{"rendered":"\n<p><em>La cartera sanitaria trabaja con una modalidad de gesti\u00f3n en red. Se pone atenci\u00f3n a las necesidades espec\u00edficas de los pacientes. Las derivaciones se hacen no s\u00f3lo a nosocomios de capital tambi\u00e9n a los que son referentes en el interior.<\/em><\/p>\n\n\n\n<p>El Ministerio de Salud P\u00fablica, a cargo de Ricardo Cardozo, cuenta con Redes de Especialidades impulsadas por el gobernador Gustavo Vald\u00e9s. La modalidad de gesti\u00f3n en red constituye un importante cambio en el paradigma de la administraci\u00f3n de sistemas y viene a complementarlo. El objetivo, es alcanzar una mayor capacidad resolutiva de los problemas de salud, ser m\u00e1s eficaces y eficientes.<\/p>\n\n\n\n<p>Es una pol\u00edtica central de la cartera sanitaria provincial que tiene por finalidad la b\u00fasqueda activa del paciente en riesgo, ordenar y optimizar los recursos humanos, de infraestructura y los procesos de atenci\u00f3n.&nbsp; Pone el centro de atenci\u00f3n en el paciente, atendiendo a necesidades espec\u00edficas.<\/p>\n\n\n\n<p>La Provincia dispone de las siguientes Redes: Derivaciones, Perinatal, C\u00e1ncer de Colon, Hipertensi\u00f3n y Diabetes, C\u00e1ncer de Mama, C\u00e1ncer de Cuello Uterino, Estomatolog\u00eda, Maxilofacial, Nutrici\u00f3n. Traumatolog\u00eda, Cirug\u00eda General y T\u00f3rax. Terapia Intensiva, Infarto Agudo de Miocardio, Accidente Cerebro Vascular, Servicios de Emergencias.<\/p>\n\n\n\n<p>Las mismas, est\u00e1n coordinadas por profesionales id\u00f3neos y experimentados en cada especialidad. La coordinaci\u00f3n general est\u00e1 a cargo de la subsecretaria de Atenci\u00f3n Primaria de la Salud, Alicia Pereira.<\/p>\n\n\n\n<p>El proceso es simple y demuestra cada d\u00eda efectividad: Los pacientes ingresan al sistema sanitario p\u00fablico a trav\u00e9s de Admisi\u00f3n de Consultorio\/Emergencias de Hospitales\/CAPS, o mediante la visita de un Promotor de Salud en su hogar. Si es necesario, el m\u00e9dico que recibe el caso se comunica con la red correspondiente y se activa la modalidad de tratamiento en el centro de salud m\u00e1s conveniente.<\/p>\n\n\n\n<p><strong>Emergencias y Derivaciones<\/strong><\/p>\n\n\n\n<p>\u201cEn Corrientes contamos con una Red de Emergencias y Derivaciones que ya lleva varios a\u00f1os con muy buena experiencia\u201d, dijo el ministro de Salud,&nbsp;<strong>Ricardo Cardozo<\/strong>.<\/p>\n\n\n\n<p>Adem\u00e1s, agreg\u00f3 que \u201ces importante que tengamos esa articulaci\u00f3n con los distintos servicios de los hospitales en la mec\u00e1nica de las derivaciones y, en eso, es fundamental el rol de los directores. Ellos, deben ser los rectores de los procedimientos en combinaci\u00f3n con los jefes de servicios, de aquellos pacientes que son derivados y que necesitan una atenci\u00f3n m\u00e1s compleja, del segundo o tercer nivel del sistema de salud\u201d.<\/p>\n\n\n\n<p>\u201cA las derivaciones las gestionamos de acuerdo al \u00e1rea program\u00e1tica seg\u00fan d\u00f3nde viva el paciente. No s\u00f3lo se derivan a los nosocomios de Capital, tambi\u00e9n a hospitales de referencia del interior como los ubicados en Monte Caseros, Curuz\u00fa Cuati\u00e1, Paso de los Libres, Ituzaing\u00f3, entre otros\u201d, explic\u00f3&nbsp;<strong>Leonor Gacio<\/strong>&nbsp;coordinadora de la Red de Derivaciones.<\/p>\n\n\n\n<p>Entre las ventajas m\u00e1s importantes, mencion\u00f3 que \u201cbeneficia tanto al paciente como al personal, el profesional ya sabe qu\u00e9 est\u00e1 viniendo el paciente y lo espera con todos los recursos necesarios\u201d.<\/p>\n\n\n\n<p>Una derivaci\u00f3n que se realiz\u00f3 desde el hospital de Empedrado, durante el fin de semana, fue un ejemplo de este trabajo. La directora del nosocomio, Laura C\u00e1ceres, coment\u00f3 que recibi\u00f3 a una beb\u00e9 junto a una enfermera, \u201cbrindando contenci\u00f3n y seguridad a la madre\u201d. Al mismo tiempo, agradeci\u00f3 \u201ca la guardia del hospital Llano por su espera con el equipo de tocoginecolog\u00eda y a la Red de Derivaciones por el cord\u00f3n sanitario\u201d.<\/p>\n\n\n\n<figure class=\"wp-block-image size-large\"><img loading=\"lazy\" decoding=\"async\" width=\"1024\" height=\"484\" src=\"https:\/\/corrientesdetarde.com\/wp-content\/uploads\/2025\/03\/image-189-1024x484.png\" alt=\"\" class=\"wp-image-194975\" srcset=\"https:\/\/corrientesdetarde.com\/wp-content\/uploads\/2025\/03\/image-189-1024x484.png 1024w, https:\/\/corrientesdetarde.com\/wp-content\/uploads\/2025\/03\/image-189-300x142.png 300w, https:\/\/corrientesdetarde.com\/wp-content\/uploads\/2025\/03\/image-189-768x363.png 768w, https:\/\/corrientesdetarde.com\/wp-content\/uploads\/2025\/03\/image-189.png 1280w\" sizes=\"auto, (max-width: 1024px) 100vw, 1024px\" \/><\/figure>\n","protected":false},"excerpt":{"rendered":"<p>La cartera sanitaria trabaja con una modalidad de gesti\u00f3n en red. Se pone atenci\u00f3n a las necesidades espec\u00edficas de los pacientes. Las derivaciones se hacen no s\u00f3lo a nosocomios de&hellip; <\/p>\n","protected":false},"author":8,"featured_media":194976,"comment_status":"closed","ping_status":"open","sticky":false,"template":"","format":"standard","meta":{"footnotes":""},"categories":[16],"tags":[],"class_list":["post-194974","post","type-post","status-publish","format-standard","has-post-thumbnail","hentry","category-bienestar-y-salud"],"_links":{"self":[{"href":"https:\/\/corrientesdetarde.com\/index.php\/wp-json\/wp\/v2\/posts\/194974","targetHints":{"allow":["GET"]}}],"collection":[{"href":"https:\/\/corrientesdetarde.com\/index.php\/wp-json\/wp\/v2\/posts"}],"about":[{"href":"https:\/\/corrientesdetarde.com\/index.php\/wp-json\/wp\/v2\/types\/post"}],"author":[{"embeddable":true,"href":"https:\/\/corrientesdetarde.com\/index.php\/wp-json\/wp\/v2\/users\/8"}],"replies":[{"embeddable":true,"href":"https:\/\/corrientesdetarde.com\/index.php\/wp-json\/wp\/v2\/comments?post=194974"}],"version-history":[{"count":1,"href":"https:\/\/corrientesdetarde.com\/index.php\/wp-json\/wp\/v2\/posts\/194974\/revisions"}],"predecessor-version":[{"id":194977,"href":"https:\/\/corrientesdetarde.com\/index.php\/wp-json\/wp\/v2\/posts\/194974\/revisions\/194977"}],"wp:featuredmedia":[{"embeddable":true,"href":"https:\/\/corrientesdetarde.com\/index.php\/wp-json\/wp\/v2\/media\/194976"}],"wp:attachment":[{"href":"https:\/\/corrientesdetarde.com\/index.php\/wp-json\/wp\/v2\/media?parent=194974"}],"wp:term":[{"taxonomy":"category","embeddable":true,"href":"https:\/\/corrientesdetarde.com\/index.php\/wp-json\/wp\/v2\/categories?post=194974"},{"taxonomy":"post_tag","embeddable":true,"href":"https:\/\/corrientesdetarde.com\/index.php\/wp-json\/wp\/v2\/tags?post=194974"}],"curies":[{"name":"wp","href":"https:\/\/api.w.org\/{rel}","templated":true}]}}