{"id":194978,"date":"2025-03-06T17:20:53","date_gmt":"2025-03-06T20:20:53","guid":{"rendered":"https:\/\/corrientesdetarde.com\/?p=194978"},"modified":"2025-03-06T17:20:57","modified_gmt":"2025-03-06T20:20:57","slug":"trump-suspendio-por-un-mes-la-vigencia-del-25-de-los-aranceles-a-los-productos-importados-de-mexico-y-canada","status":"publish","type":"post","link":"https:\/\/corrientesdetarde.com\/index.php\/internacionales\/trump-suspendio-por-un-mes-la-vigencia-del-25-de-los-aranceles-a-los-productos-importados-de-mexico-y-canada\/","title":{"rendered":"Trump suspendi\u00f3 por un mes la vigencia del 25% de los aranceles a los productos importados de M\u00e9xico y Canad\u00e1"},"content":{"rendered":"\n<p>Lo anunci\u00f3 tras mantener una conversaci\u00f3n telef\u00f3nica con Claudia Sheinbaum. Los grav\u00e1menes entrar\u00e1n en vigencia el 2 de abril.<\/p>\n\n\n\n<p>El presidente de Estados Unidos,&nbsp;<strong>Donald Trump<\/strong>, anunci\u00f3 este jueves una pausa hasta el 2 de abril de los aranceles del 25% a M\u00e9xico y Canad\u00e1 para los productos cubiertos por el acuerdo de libre comercio T-MEC.0<\/p>\n\n\n\n<p>\u201dDespu\u00e9s de hablar con la presidenta Claudia Sheinbaum de M\u00e9xico, hemos acordado que M\u00e9xico no tendr\u00e1 que pagar aranceles sobre cualquier cosa que est\u00e9 bajo el acuerdo T-MEC. Esto ser\u00e1 v\u00e1lido hasta el 2 de abril\u201d, expres\u00f3 Trump en su red&nbsp;<em>Truth Social<\/em>. Algunas horas despu\u00e9s, anunci\u00f3 que extend\u00eda esa decisi\u00f3n a Cand\u00e1.<\/p>\n\n\n\n<p>Sheinbaum celebr\u00f3 el aplazamiento y dijo que mantuvo una llamada \u201cexcelente y respetuosa\u201d con Trump. Adem\u00e1s, destac\u00f3 una colaboraci\u00f3n con \u201cresultados sin precedentes\u201d entre ambos pa\u00edses. \u201dTuvimos una excelente y respetuosa llamada en la que coincidimos en que nuestro trabajo y colaboraci\u00f3n han dado resultados sin precedentes, en el marco del respeto a nuestras soberan\u00edas\u201d, afirm\u00f3 Sheinbaum en un mensaje en la red social&nbsp;<em>X<\/em>.<\/p>\n\n\n\n<p>Trump tambi\u00e9n elogi\u00f3 el trabajo que ambos vienen sosteniendo en el v\u00ednculo bilateral. \u201dLo hago como una medida de cortes\u00eda y por respeto a la presidenta Sheinbaum. Nuestra relaci\u00f3n ha sido muy buena y estamos trabajando arduamente, juntos, en la frontera, tanto en t\u00e9rminos de detener la entrada ilegal de extranjeros a Estados Unidos como en la lucha contra el fentanilo\u201d, agreg\u00f3. Trump, finalmente, dio las gracias a Sheinbaum \u201cpor su arduo trabajo y cooperaci\u00f3n\u201d.<\/p>\n\n\n\n<h2 class=\"wp-block-heading\">Qu\u00e9 pasar\u00e1 con los aranceles a M\u00e9xico y Canad\u00e1<\/h2>\n\n\n\n<p>El presidente estadounidense impuso el pasado martes, 4 de marzo, aranceles del 25% a las importaciones procedentes de Canad\u00e1 y M\u00e9xico, sus dos principales socios comerciales.<\/p>\n\n\n\n<p>Sin embargo, un d\u00eda despu\u00e9s, la Casa Blanca anunci\u00f3 una pausa durante un mes de los aranceles sobre autos y piezas fabricadas en M\u00e9xico y Canad\u00e1 despu\u00e9s que Trump hablara con los tres mayores fabricantes estadounidenses -General Motors, Ford y Stellantis- que ensamblan veh\u00edculos en los dos pa\u00edses vecinos.<\/p>\n\n\n\n<figure class=\"wp-block-image\"><img decoding=\"async\" src=\"https:\/\/tn.com.ar\/resizer\/v2\/claudia-sheinbaum-habla-durante-su-tradicional-rueda-de-prensa-matutina-foto-reutershenry-romero-AZ7EKVOJNEKGQ4BCKFCZXHRS64.jpg?auth=1257672761b4e142f4fef193388a5773017a3dd0dc3bc35a86b645a015785af2&amp;width=767\" alt=\"Claudia Sheinbaum habla durante su tradicional rueda de prensa matutina (Foto: Reuters\/Henry Romero)\"\/><\/figure>\n\n\n\n<p>El secretario de Comercio,&nbsp;<strong>Howard Lutnick<\/strong>, ya hab\u00eda adelantado esta ma\u00f1ana la posibilidad de suspender durante un mes la aplicaci\u00f3n de los aranceles a ambos pa\u00edses.<\/p>\n\n\n\n<h2 class=\"wp-block-heading\">Donald Trump se burla de Justin Trudeau<\/h2>\n\n\n\n<p>Antes de suspender la aplicaci\u00f3n de los aranceles, Trump volvi\u00f3 este jueves a burlarse del primer ministro de Canad\u00e1, Justin Trudeau, y asegur\u00f3 que est\u00e1 utilizando el tema con objetivos electorales, a pesar de que el canadiense ha manifestado que no tiene intenci\u00f3n de presentarse a la reelecci\u00f3n.<\/p>\n\n\n\n<p>\u201cCr\u00e9alo o no, a pesar del terrible trabajo que ha hecho para Canad\u00e1, creo que Justin Trudeau est\u00e1 usando el problema de los aranceles, que en gran parte ha causado \u00e9l mismo, para postularse nuevamente como primer ministro \u00a1Es muy divertido de ver!\u201d, afirm\u00f3 Trump en su red social,&nbsp;<em>Truth Social<\/em>.<\/p>\n\n\n\n<p>Ambos mantuvieron una acalorada conversaci\u00f3n telef\u00f3nica el mi\u00e9rcoles, que dur\u00f3 unos 50 minutos. Tras la llamada, Trump acus\u00f3 en<em>&nbsp;Truth Social<\/em>&nbsp;a Trudeau de estar utilizando el tema de los aranceles \u201cpara mantenerse en el poder\u201d.<\/p>\n\n\n\n<p>Trudeau anunci\u00f3 el pasado 6 de enero su intenci\u00f3n de dejar el cargo tras m\u00e1s de nueve a\u00f1os al frente del Gobierno, aunque tiene previsto continuar hasta que el gobernante Partido Liberal elija a su nuevo l\u00edder, algo que ocurrir\u00e1 el 9 de marzo.<\/p>\n\n\n\n<p>Las pr\u00f3ximas elecciones generales en Canad\u00e1 est\u00e1n programadas para octubre de este a\u00f1o.<\/p>\n\n\n\n<p>(Con informaci\u00f3n de EFE)<\/p>\n","protected":false},"excerpt":{"rendered":"<p>Lo anunci\u00f3 tras mantener una conversaci\u00f3n telef\u00f3nica con Claudia Sheinbaum. Los grav\u00e1menes entrar\u00e1n en vigencia el 2 de abril. El presidente de Estados Unidos,&nbsp;Donald Trump, anunci\u00f3 este jueves una pausa&hellip; <\/p>\n","protected":false},"author":8,"featured_media":194979,"comment_status":"closed","ping_status":"open","sticky":false,"template":"","format":"standard","meta":{"footnotes":""},"categories":[11],"tags":[],"class_list":["post-194978","post","type-post","status-publish","format-standard","has-post-thumbnail","hentry","category-internacionales"],"_links":{"self":[{"href":"https:\/\/corrientesdetarde.com\/index.php\/wp-json\/wp\/v2\/posts\/194978","targetHints":{"allow":["GET"]}}],"collection":[{"href":"https:\/\/corrientesdetarde.com\/index.php\/wp-json\/wp\/v2\/posts"}],"about":[{"href":"https:\/\/corrientesdetarde.com\/index.php\/wp-json\/wp\/v2\/types\/post"}],"author":[{"embeddable":true,"href":"https:\/\/corrientesdetarde.com\/index.php\/wp-json\/wp\/v2\/users\/8"}],"replies":[{"embeddable":true,"href":"https:\/\/corrientesdetarde.com\/index.php\/wp-json\/wp\/v2\/comments?post=194978"}],"version-history":[{"count":1,"href":"https:\/\/corrientesdetarde.com\/index.php\/wp-json\/wp\/v2\/posts\/194978\/revisions"}],"predecessor-version":[{"id":194980,"href":"https:\/\/corrientesdetarde.com\/index.php\/wp-json\/wp\/v2\/posts\/194978\/revisions\/194980"}],"wp:featuredmedia":[{"embeddable":true,"href":"https:\/\/corrientesdetarde.com\/index.php\/wp-json\/wp\/v2\/media\/194979"}],"wp:attachment":[{"href":"https:\/\/corrientesdetarde.com\/index.php\/wp-json\/wp\/v2\/media?parent=194978"}],"wp:term":[{"taxonomy":"category","embeddable":true,"href":"https:\/\/corrientesdetarde.com\/index.php\/wp-json\/wp\/v2\/categories?post=194978"},{"taxonomy":"post_tag","embeddable":true,"href":"https:\/\/corrientesdetarde.com\/index.php\/wp-json\/wp\/v2\/tags?post=194978"}],"curies":[{"name":"wp","href":"https:\/\/api.w.org\/{rel}","templated":true}]}}