{"id":194990,"date":"2025-03-06T17:37:07","date_gmt":"2025-03-06T20:37:07","guid":{"rendered":"https:\/\/corrientesdetarde.com\/?p=194990"},"modified":"2025-03-06T17:37:19","modified_gmt":"2025-03-06T20:37:19","slug":"el-papa-francisco-grabo-un-audio-desde-su-internacion-agradezco-las-oraciones-por-mi-salud","status":"publish","type":"post","link":"https:\/\/corrientesdetarde.com\/index.php\/actualidad\/el-papa-francisco-grabo-un-audio-desde-su-internacion-agradezco-las-oraciones-por-mi-salud\/","title":{"rendered":"El papa Francisco grab\u00f3 un audio desde su internaci\u00f3n: \u201cAgradezco las oraciones por mi salud\u201d"},"content":{"rendered":"\n<p>Los fieles pudieron escuchar por primera vez su voz desde el 14 de febrero, cuando ingres\u00f3 al hospital Gemelli de Roma. El pron\u00f3stico del sumo pont\u00edfice, de 88 a\u00f1os, sigue siendo reservado.<\/p>\n\n\n\n<p>El Vaticano difundi\u00f3 este jueves<strong>\u00a0un mensaje de audio del\u00a0papa Francisco<\/strong>\u00a0al inicio del Rosario que, desde el lunes 24 de febrero, se celebra cada noche a las 20 en la plaza de San Pedro. La grabaci\u00f3n permiti\u00f3 a los fieles\u00a0<strong>escuchar la voz del pont\u00edfice argentino<\/strong>\u00a0de 88 a\u00f1os, quien se encuentra hospitalizado desde el 14 de febrero en el hospital Gemelli de Roma debido a una bronquitis que deriv\u00f3 en una doble neumon\u00eda.<\/p>\n\n\n\n<p>\u201c<strong>Agradezco de todo coraz\u00f3n las oraciones que hacen por mi salud desde la Plaza (de San Pedro)<\/strong>, los acompa\u00f1o desde ac\u00e1. Que Dios los bendiga y que la Virgen los cuide. Gracias\u201c, dice Francisco, con&nbsp;<strong>la voz muy cansada<\/strong>,en el breve mensaje grabado y difundido antes del rezo del Rosario que se celebra por \u00e9l cada noche.<\/p>\n\n\n\n<p>El\u00a0<strong>papa Francisco<\/strong>\u00a0cumple 21 d\u00edas de internaci\u00f3n en el\u00a0<strong>Hospital Gemelli<\/strong>, en Roma. El\u00a0<strong>anuncio matutino<\/strong>\u00a0indic\u00f3 que, aunque su cuadro cl\u00ednico sigue siendo \u201ccomplejo\u201d, el Santo Padre volvi\u00f3 a tener una noche serena y sigue mejorando. Por la tarde, el Vaticano inform\u00f3, en el segundo parte m\u00e9dico del d\u00eda, quesu salud permanece\u00a0<strong>\u201cestable<\/strong>\u00a0<strong>y sin nuevas crisis respiratorias\u201d<\/strong>.<\/p>\n\n\n\n<figure class=\"wp-block-image\"><img decoding=\"async\" src=\"https:\/\/tn.com.ar\/resizer\/v2\/desde-que-comenzo-la-internacion-del-papa-el-14-de-febrero-hubo-distintas-manifestaciones-publicas-para-pedir-por-su-recuperacion-foto-ap-photomosaab-elshamy-VT2DAT5AJBA63AC4TQHUK3C6H4.png?auth=2434d27ac0a85847f1ad30d2283012af414792f5f558c20db029d94405bc4e95&amp;width=767\" alt=\"Desde que comenz\u00f3 la internaci\u00f3n del papa, el 14 de febrero, hubo distintas manifestaciones p\u00fablicas para pedir por su recuperaci\u00f3n. (Foto: AP PhotoMosa'ab Elshamy)\"\/><\/figure>\n\n\n\n<p>\u201cLas condiciones cl\u00ednicas del Santo Padre se mantuvieron&nbsp;<strong>estables&nbsp;<\/strong>respecto a los d\u00edas anteriores\u201d, pero el pron\u00f3stico contin\u00faa siendo \u201creservado\u201d, precis\u00f3 la Santa Sede en el informe m\u00e9dico que env\u00eda a diario.<\/p>\n\n\n\n<p>A trav\u00e9s de un comunicado breve, detallaron este jueves que Francisco&nbsp;<strong>\u201csigue descansando\u201d&nbsp;<\/strong>y que su estado de \u00e1nimo es bueno. Adem\u00e1s, indicaron que \u201c<strong>est\u00e1 cooperando con el tratamiento<\/strong>\u201d.Dado el cuadro cl\u00ednico estable, la Santa Sede anunci\u00f3 que&nbsp;<strong>el pr\u00f3ximo parte m\u00e9dico ser\u00e1 emitido el s\u00e1bado<\/strong>.<\/p>\n\n\n\n<p>Tras las dos\u00a0<strong>crisis respiratorias<\/strong>\u00a0que sufri\u00f3 el lunes, el Papa lleva dos d\u00edas seguidos sin experimentar este tipo de episodios, de acuerdo con lo reportado. Incluso ayer se inform\u00f3, por primera vez, que inici\u00f3\u00a0<strong>fisioterapia motora o muscular<\/strong>.<\/p>\n\n\n\n<p>Asimismo, los par\u00e1metros hemodin\u00e1micos y los an\u00e1lisis de sangre del Papa se mantuvieron dentro de los&nbsp;<strong>valores normales<\/strong>, y hasta el momento&nbsp;<strong>no registr\u00f3 fiebre<\/strong>. Sin embargo, los m\u00e9dicos decidieron continuar con el pron\u00f3stico reservado y monitorear la evoluci\u00f3n de Francisco.<\/p>\n\n\n\n<p>A pesar de su estado de salud, el Papa Francisco&nbsp;<strong>realiz\u00f3 algunas actividades de trabajo<\/strong>&nbsp;tanto en la ma\u00f1ana como en la tarde, altern\u00e1ndolas con per\u00edodos de descanso y oraci\u00f3n. Adem\u00e1s, antes del almuerzo, recibi\u00f3 la Eucarist\u00eda.<\/p>\n","protected":false},"excerpt":{"rendered":"<p>Los fieles pudieron escuchar por primera vez su voz desde el 14 de febrero, cuando ingres\u00f3 al hospital Gemelli de Roma. El pron\u00f3stico del sumo pont\u00edfice, de 88 a\u00f1os, sigue&hellip; <\/p>\n","protected":false},"author":8,"featured_media":194991,"comment_status":"closed","ping_status":"open","sticky":false,"template":"","format":"standard","meta":{"footnotes":""},"categories":[23],"tags":[],"class_list":["post-194990","post","type-post","status-publish","format-standard","has-post-thumbnail","hentry","category-actualidad"],"_links":{"self":[{"href":"https:\/\/corrientesdetarde.com\/index.php\/wp-json\/wp\/v2\/posts\/194990","targetHints":{"allow":["GET"]}}],"collection":[{"href":"https:\/\/corrientesdetarde.com\/index.php\/wp-json\/wp\/v2\/posts"}],"about":[{"href":"https:\/\/corrientesdetarde.com\/index.php\/wp-json\/wp\/v2\/types\/post"}],"author":[{"embeddable":true,"href":"https:\/\/corrientesdetarde.com\/index.php\/wp-json\/wp\/v2\/users\/8"}],"replies":[{"embeddable":true,"href":"https:\/\/corrientesdetarde.com\/index.php\/wp-json\/wp\/v2\/comments?post=194990"}],"version-history":[{"count":1,"href":"https:\/\/corrientesdetarde.com\/index.php\/wp-json\/wp\/v2\/posts\/194990\/revisions"}],"predecessor-version":[{"id":194992,"href":"https:\/\/corrientesdetarde.com\/index.php\/wp-json\/wp\/v2\/posts\/194990\/revisions\/194992"}],"wp:featuredmedia":[{"embeddable":true,"href":"https:\/\/corrientesdetarde.com\/index.php\/wp-json\/wp\/v2\/media\/194991"}],"wp:attachment":[{"href":"https:\/\/corrientesdetarde.com\/index.php\/wp-json\/wp\/v2\/media?parent=194990"}],"wp:term":[{"taxonomy":"category","embeddable":true,"href":"https:\/\/corrientesdetarde.com\/index.php\/wp-json\/wp\/v2\/categories?post=194990"},{"taxonomy":"post_tag","embeddable":true,"href":"https:\/\/corrientesdetarde.com\/index.php\/wp-json\/wp\/v2\/tags?post=194990"}],"curies":[{"name":"wp","href":"https:\/\/api.w.org\/{rel}","templated":true}]}}