{"id":194999,"date":"2025-03-06T20:32:05","date_gmt":"2025-03-06T23:32:05","guid":{"rendered":"https:\/\/corrientesdetarde.com\/?p=194999"},"modified":"2025-03-06T20:32:08","modified_gmt":"2025-03-06T23:32:08","slug":"provincia-avanza-con-obras-preliminares-a-la-pavimentacion-del-acceso-a-el-perichon","status":"publish","type":"post","link":"https:\/\/corrientesdetarde.com\/index.php\/actualidad\/provincia-avanza-con-obras-preliminares-a-la-pavimentacion-del-acceso-a-el-perichon\/","title":{"rendered":"Provincia avanza con obras preliminares a la pavimentaci\u00f3n del acceso a El Perich\u00f3n"},"content":{"rendered":"\n<p><em>El Gobierno Provincial encara los trabajos preliminares para la pavimentaci\u00f3n del acceso a El Perich\u00f3n, en el sur de la ciudad de Corrientes. Las tareas incluyen&nbsp; la reubicaci\u00f3n de&nbsp; alcantarillas, la construcci\u00f3n de otras nuevas con sus correspondientes cabezales as\u00ed como la reubicaci\u00f3n de postes y columnas&nbsp; de alumbrado p\u00fablico y de tendidos de media tensi\u00f3n.<\/em><\/p>\n\n\n\n<figure class=\"wp-block-image size-full\"><img loading=\"lazy\" decoding=\"async\" width=\"566\" height=\"642\" src=\"https:\/\/corrientesdetarde.com\/wp-content\/uploads\/2025\/03\/image-195.png\" alt=\"\" class=\"wp-image-195000\" srcset=\"https:\/\/corrientesdetarde.com\/wp-content\/uploads\/2025\/03\/image-195.png 566w, https:\/\/corrientesdetarde.com\/wp-content\/uploads\/2025\/03\/image-195-264x300.png 264w\" sizes=\"auto, (max-width: 566px) 100vw, 566px\" \/><\/figure>\n\n\n\n<p>Estos trabajos, llevados adelante a trav\u00e9s del Ministerio de Obras y Servicios P\u00fablicos, son el paso previo a la pavimentaci\u00f3n del acceso, obra que tendr\u00e1 una longitud de m\u00e1s de 4.400 metros y se extender\u00e1 desde la intersecci\u00f3n con ruta Nacional 12 hasta su cruce con la calle 570 en proximidades del r\u00edo Paran\u00e1.<\/p>\n\n\n\n<p>Estos trabajos previos abarcan alrededor de 40 puntos de intervenci\u00f3n donde se readecuan y nivelan ductos, alcantarillas, accesos vehiculares y se construyen c\u00e1maras de enlace y tendido de tubos de hormig\u00f3n armado para encauzar todos los desag\u00fces&nbsp; hacia el r\u00edo Paran\u00e1, respetando cauces naturales.<\/p>\n\n\n\n<p>La ejecuci\u00f3n de estas obras es fundamental para garantizar un adecuado drenaje en el \u00e1rea de intervenci\u00f3n y permitir el futuro ensanchamiento del camino de acceso a El Perich\u00f3n. Estos trabajos buscan mitigar problemas de acumulaci\u00f3n de agua en la v\u00eda y optimizar la disposici\u00f3n de los servicios existentes, mejorando la funcionalidad y seguridad del trazado vial.<\/p>\n","protected":false},"excerpt":{"rendered":"<p>El Gobierno Provincial encara los trabajos preliminares para la pavimentaci\u00f3n del acceso a El Perich\u00f3n, en el sur de la ciudad de Corrientes. Las tareas incluyen&nbsp; la reubicaci\u00f3n de&nbsp; alcantarillas,&hellip; <\/p>\n","protected":false},"author":4,"featured_media":195001,"comment_status":"closed","ping_status":"open","sticky":false,"template":"","format":"standard","meta":{"footnotes":""},"categories":[23],"tags":[],"class_list":["post-194999","post","type-post","status-publish","format-standard","has-post-thumbnail","hentry","category-actualidad"],"_links":{"self":[{"href":"https:\/\/corrientesdetarde.com\/index.php\/wp-json\/wp\/v2\/posts\/194999","targetHints":{"allow":["GET"]}}],"collection":[{"href":"https:\/\/corrientesdetarde.com\/index.php\/wp-json\/wp\/v2\/posts"}],"about":[{"href":"https:\/\/corrientesdetarde.com\/index.php\/wp-json\/wp\/v2\/types\/post"}],"author":[{"embeddable":true,"href":"https:\/\/corrientesdetarde.com\/index.php\/wp-json\/wp\/v2\/users\/4"}],"replies":[{"embeddable":true,"href":"https:\/\/corrientesdetarde.com\/index.php\/wp-json\/wp\/v2\/comments?post=194999"}],"version-history":[{"count":1,"href":"https:\/\/corrientesdetarde.com\/index.php\/wp-json\/wp\/v2\/posts\/194999\/revisions"}],"predecessor-version":[{"id":195002,"href":"https:\/\/corrientesdetarde.com\/index.php\/wp-json\/wp\/v2\/posts\/194999\/revisions\/195002"}],"wp:featuredmedia":[{"embeddable":true,"href":"https:\/\/corrientesdetarde.com\/index.php\/wp-json\/wp\/v2\/media\/195001"}],"wp:attachment":[{"href":"https:\/\/corrientesdetarde.com\/index.php\/wp-json\/wp\/v2\/media?parent=194999"}],"wp:term":[{"taxonomy":"category","embeddable":true,"href":"https:\/\/corrientesdetarde.com\/index.php\/wp-json\/wp\/v2\/categories?post=194999"},{"taxonomy":"post_tag","embeddable":true,"href":"https:\/\/corrientesdetarde.com\/index.php\/wp-json\/wp\/v2\/tags?post=194999"}],"curies":[{"name":"wp","href":"https:\/\/api.w.org\/{rel}","templated":true}]}}