{"id":195021,"date":"2025-03-06T22:16:55","date_gmt":"2025-03-07T01:16:55","guid":{"rendered":"https:\/\/corrientesdetarde.com\/?p=195021"},"modified":"2025-03-07T12:30:53","modified_gmt":"2025-03-07T15:30:53","slug":"la-provincia-entregara-reconocimientos-a-mujeres-destacadas","status":"publish","type":"post","link":"https:\/\/corrientesdetarde.com\/index.php\/destacados\/la-provincia-entregara-reconocimientos-a-mujeres-destacadas\/","title":{"rendered":"El gobernador Vald\u00e9s encabez\u00f3 un emotivo homenaje a mujeres destacadas correntinas"},"content":{"rendered":"\n<p>En conmemoraci\u00f3n al D\u00eda Internacional de la Mujer, que se celebra ma\u00f1ana s\u00e1bado, 8 de marzo, el Gobierno Provincial realiz\u00f3 este viernes un emotivo homenaje a mujeres destacadas correntinas, en un acto presidido por el gobernador Gustavo Vald\u00e9s, que se llev\u00f3 a cabo en el Sal\u00f3n Amarillo. En la oportunidad, recibieron sus reconocimientos 41 mujeres que sobresalen en distintos \u00e1mbitos del quehacer de Corrientes, cada una de ellas como s\u00edmbolo del esfuerzo, dedicaci\u00f3n y compromiso que ponen de manifiesto no solo en sus actividades, sino tambi\u00e9n en la construcci\u00f3n de una sociedad m\u00e1s justa y un mundo mejor.<\/p>\n\n\n\n<p><strong>Gobernador Vald\u00e9s<\/strong><\/p>\n\n\n\n<p>&nbsp;\u201cEs un d\u00eda para homenajear a todo lo que hacen las mujeres por nuestra sociedad, por nuestros ni\u00f1os,&nbsp; por los adultos, por las religiones, por nuestros valores, por nuestras creencias y que tenemos que seguir haciendo juntos para que el mundo siga adelante\u201d, manifest\u00f3 el gobernador Gustavo Vald\u00e9s ante las mujeres que reciben un reconocimiento especial del gobierno de la provincia por su labor destacado en distintos \u00e1mbitos.<\/p>\n\n\n\n<p>\u201cTenemos mucho para seguir avanzando. Y avanzar sin pausa es un crecimiento que necesit\u00e1bamos y que va teniendo la mujer en los roles que desempe\u00f1an\u201d;&nbsp; reflexion\u00f3 el gobernador, a la vez que calific\u00f3 ese crecimiento como \u201cpac\u00edfico, tranquilo\u201d.<\/p>\n\n\n\n<p>As\u00ed, destac\u00f3 el protagonismo femenino en \u00e1mbitos como la pol\u00edtica. \u201cTienen que hacerlo como ustedes quieran, como ustedes propongan, ya que en las sociedades las organizaciones son como queremos que sean. El Estado tiene que ser un facilitador de esa igualdad. Aunque en algunos \u00e1mbitos consideren que lo que diga la mujer tiene menor importancia que lo que digan los hombres, hay partidos pol\u00edticos compuestos por m\u00e1s mujeres que hombres\u201d, subray\u00f3.<\/p>\n\n\n\n<p>En ese sentido, reconoci\u00f3 el avance en materia de paridad de g\u00e9nero dispuesta en la legislatura provincial.&nbsp; Y expres\u00f3 que ese proceso de ir \u201cdeconstruyendo\u201d una postura m\u00e1s a favor de lo masculino fue \u201cuna evoluci\u00f3n, al comenzar a comprender, a ponerse en el lugar del otro y abrir los canales de participaci\u00f3n. Quiz\u00e1s dec\u00edan antes que no hab\u00edan tan buenas ministras, y era porque no hab\u00eda ministras\u201d, sostuvo.<\/p>\n\n\n\n<p>\u201cHoy es una garant\u00eda que podamos tener la mirada de la mujer puesta en el parlamento y tambi\u00e9n en cargos, gracias a esa participaci\u00f3n todo funciona mejor. Eso tambi\u00e9n ocurre, por ejemplo, en la polic\u00eda\u201d, se\u00f1al\u00f3 Vald\u00e9s, a la vez que record\u00f3 el crecimiento en la asignaci\u00f3n de mujeres a cargos dentro de la polic\u00eda y la creaci\u00f3n de comisar\u00edas de la mujer en la provincia. \u201cTodav\u00eda tenemos mucho por seguir haciendo y seguir incluyendo\u201d, asegur\u00f3 el gobernador.<\/p>\n\n\n\n<figure class=\"wp-block-image size-large\"><img loading=\"lazy\" decoding=\"async\" width=\"1024\" height=\"585\" src=\"https:\/\/corrientesdetarde.com\/wp-content\/uploads\/2025\/03\/image-221-1024x585.png\" alt=\"\" class=\"wp-image-195125\" srcset=\"https:\/\/corrientesdetarde.com\/wp-content\/uploads\/2025\/03\/image-221-1024x585.png 1024w, https:\/\/corrientesdetarde.com\/wp-content\/uploads\/2025\/03\/image-221-300x171.png 300w, https:\/\/corrientesdetarde.com\/wp-content\/uploads\/2025\/03\/image-221-768x438.png 768w, https:\/\/corrientesdetarde.com\/wp-content\/uploads\/2025\/03\/image-221.png 1377w\" sizes=\"auto, (max-width: 1024px) 100vw, 1024px\" \/><\/figure>\n\n\n\n<figure class=\"wp-block-image size-large\"><img loading=\"lazy\" decoding=\"async\" width=\"1024\" height=\"730\" src=\"https:\/\/corrientesdetarde.com\/wp-content\/uploads\/2025\/03\/image-219-1024x730.png\" alt=\"\" class=\"wp-image-195123\" srcset=\"https:\/\/corrientesdetarde.com\/wp-content\/uploads\/2025\/03\/image-219-1024x730.png 1024w, https:\/\/corrientesdetarde.com\/wp-content\/uploads\/2025\/03\/image-219-300x214.png 300w, https:\/\/corrientesdetarde.com\/wp-content\/uploads\/2025\/03\/image-219-768x547.png 768w, https:\/\/corrientesdetarde.com\/wp-content\/uploads\/2025\/03\/image-219.png 1117w\" sizes=\"auto, (max-width: 1024px) 100vw, 1024px\" \/><\/figure>\n\n\n\n<p>\u201cHacemos este homenaje a las mujeres que de manera silenciosa, pac\u00edfica, incansable y comprometida nos van aportando sus valores. Es un reconocimiento solo a algunas, aunque hay infinita cantidad de mujeres que pueden ser distinguidas y que hacen un trabajo enorme, que muchas veces nosotros no lo vemos porque se brindan en silencio. Ese silencio abrumador de la lucha de la mujer, es lo que est\u00e1 haciendo en esta sociedad cambiar el rumbo\u201d, apunt\u00f3.<\/p>\n\n\n\n<p>\u201cTodav\u00eda tenemos que levantar la mirada y vernos en nuestro lugar, en nuestra ciudad, en la Argentina. Y ver lo que ocurre con las mujeres en el mundo. Por diferentes motivos, los derechos de la mujer son cooptados. Vemos que tenemos que dar una mano a esas mujeres que necesitan, seguir trabajando &#8211;&nbsp; por ejemplo &#8211;&nbsp; el derecho a la educaci\u00f3n, que parece que lo tenemos conquistados y sin embargo hay muchas que no lo pueden hacer, en otras partes del mundo y aqu\u00ed tambi\u00e9n. Algunas est\u00e1n a cargo de sus familias, o no tienen la posibilidad de dejar a sus hijos para salir a trabajar. Y si no tiene un trabajo, no puede tener ingresos, y el marido le termina diciendo que no tiene los mismos derechos porque no trae la plata a la casa. Son cosas que tambi\u00e9n tenemos que hacer para una sociedad m\u00e1s arm\u00f3nica\u201d, reflexion\u00f3 el gobernador al final.<\/p>\n\n\n\n<p><strong>Alejandra Eliciri<\/strong><\/p>\n\n\n\n<p>La ministra de Turismo, Alejandra Eliciri, destac\u00f3 la importancia de la lucha sostenida de las mujeres a lo largo de los a\u00f1os para conquistar espacios y derechos. En su mensaje, hizo un llamado a la reflexi\u00f3n sobre los desaf\u00edos que a\u00fan quedan por delante para garantizar la igualdad y el empoderamiento de las generaciones futuras.<\/p>\n\n\n\n<p>&#8220;Este a\u00f1o, la ONU estableci\u00f3 un lema que nos interpela profundamente: igualdad, derechos y empoderamiento. Son tres palabras clave en las que debemos trabajar y que debemos asegurar para las pr\u00f3ximas generaciones&#8221;, afirm\u00f3.<\/p>\n\n\n\n<p>Eliciri resalt\u00f3 el valor del trabajo de las mujeres reconocidas en esta jornada y subray\u00f3 el impacto que tiene su labor en la provincia. &#8220;Hoy es un d\u00eda especial, un d\u00eda de reconocimiento a ese esfuerzo tan importante y muchas veces silencioso, pero que deja una huella profunda en nuestra sociedad&#8221;, expres\u00f3.<\/p>\n\n\n\n<p>Finalmente, la ministra inst\u00f3 a mirar m\u00e1s all\u00e1 de la celebraci\u00f3n y convertir la fecha en una oportunidad para recordar lo logrado y redoblar esfuerzos en lo que a\u00fan queda por conquistar. &#8220;Recibir este reconocimiento por parte del gobernador es un s\u00edmbolo de todo lo que han hecho y de lo que a\u00fan podemos lograr juntas&#8221;, concluy\u00f3.<\/p>\n\n\n\n<figure class=\"wp-block-image size-large\"><img loading=\"lazy\" decoding=\"async\" width=\"1024\" height=\"631\" src=\"https:\/\/corrientesdetarde.com\/wp-content\/uploads\/2025\/03\/image-222-1024x631.png\" alt=\"\" class=\"wp-image-195126\" srcset=\"https:\/\/corrientesdetarde.com\/wp-content\/uploads\/2025\/03\/image-222-1024x631.png 1024w, https:\/\/corrientesdetarde.com\/wp-content\/uploads\/2025\/03\/image-222-300x185.png 300w, https:\/\/corrientesdetarde.com\/wp-content\/uploads\/2025\/03\/image-222-768x473.png 768w, https:\/\/corrientesdetarde.com\/wp-content\/uploads\/2025\/03\/image-222.png 1282w\" sizes=\"auto, (max-width: 1024px) 100vw, 1024px\" \/><\/figure>\n\n\n\n<p><strong>Mariel Gabur<\/strong><\/p>\n\n\n\n<p>La ministra de Industria, Mariel Gabur, expres\u00f3 su emoci\u00f3n y reconocimiento hacia las mujeres que, con esfuerzo y dedicaci\u00f3n, contribuyen al desarrollo de la provincia.<\/p>\n\n\n\n<p>&#8220;Hoy veo muchas caras de mujeres que, quiz\u00e1 desde el anonimato y sin buscar este reconocimiento, trabajan incansablemente para hacer de nuestra provincia lo que es. Ponen su energ\u00eda, su fuerza y su tes\u00f3n, combinando sus sue\u00f1os y emprendimientos con la responsabilidad de sostener una familia. Y lo hacen, como siempre, con amor&#8221;, destac\u00f3.<\/p>\n\n\n\n<p>Asimismo, resalt\u00f3 la importancia de que el gobernador haya dado espacio y visibilidad a las mujeres en la provincia. &#8220;Me siento profundamente agradecida por esta oportunidad de acompa\u00f1arlo como ministra. S\u00e9 que no fue una decisi\u00f3n f\u00e1cil, pero con esto ha revalorizado el rol de la mujer en Corrientes&#8221;, afirm\u00f3.<\/p>\n\n\n\n<p>En un mensaje de aliento, Gabur inst\u00f3 a las mujeres a seguir adelante. &#8220;S\u00e9 lo dif\u00edcil que es estar en un lugar donde no siempre se nos reconoce, pero con esfuerzo y perseverancia logramos nuestros objetivos. Aportamos mucho a Corrientes y a\u00fan queda un largo camino por recorrer. Las mujeres podemos y debemos seguir luchando por lo que nos proponemos&#8221;, concluy\u00f3.<\/p>\n\n\n\n<p><strong>Pr\u00e1xedes L\u00f3pez<\/strong><\/p>\n\n\n\n<p>\u201cVienen de distintos \u00e1mbitos, hacen trabajos silenciosos\u201d, reconoci\u00f3 a su turno Pr\u00e1xedes L\u00f3pez, ministra de Educaci\u00f3n de la provincia. \u201cY eso es algo que tenemos que hacer&nbsp; y que sabemos hacer las mujeres: conquistar espacios y&nbsp; al otro para que nos siga acompa\u00f1ando, a los esposos, a los hijos\u201d, reflexion\u00f3.<\/p>\n\n\n\n<p>\u201cPor eso el reconocimiento a cada mujer que est\u00e1 ac\u00e1: ustedes son las que ponen en valor todos los d\u00edas su labor en el lugar en el que est\u00e1n. Hoy tambi\u00e9n est\u00e1 (reconocida) una partecita de educaci\u00f3n, y tengo que decir que se trata de una persona que desde hace muchos a\u00f1os brega por la educaci\u00f3n y la igualdad de los correntinos y para que terminen la escuela secundaria. Y otra que se viene desde muy lejos, y viene empujando desde el interior para que la educaci\u00f3n sea importante\u201d,\u00a0 apunt\u00f3, a la vez que expres\u00f3 su reconocimiento para las mujeres \u201csea cual fuere el lugar en que est\u00e9n, aportan un valor que no tiene distinci\u00f3n y que se refleja en la escuela, en la casa y en el vecindario\u201d, expres\u00f3.<\/p>\n\n\n\n<figure class=\"wp-block-image size-large\"><img loading=\"lazy\" decoding=\"async\" width=\"1024\" height=\"609\" src=\"https:\/\/corrientesdetarde.com\/wp-content\/uploads\/2025\/03\/image-223-1024x609.png\" alt=\"\" class=\"wp-image-195128\" srcset=\"https:\/\/corrientesdetarde.com\/wp-content\/uploads\/2025\/03\/image-223-1024x609.png 1024w, https:\/\/corrientesdetarde.com\/wp-content\/uploads\/2025\/03\/image-223-300x178.png 300w, https:\/\/corrientesdetarde.com\/wp-content\/uploads\/2025\/03\/image-223-768x457.png 768w, https:\/\/corrientesdetarde.com\/wp-content\/uploads\/2025\/03\/image-223.png 1337w\" sizes=\"auto, (max-width: 1024px) 100vw, 1024px\" \/><\/figure>\n\n\n\n<p><strong>Mujeres destacadas reconocidas<\/strong><\/p>\n\n\n\n<p>En el marco del acto, se entregaron reconocimientos a 41 mujeres destacadas correntinas, con el siguiente detalle:<\/p>\n\n\n\n<p><strong>Alejandra Moncada<\/strong>: profesora de nivel inicial con m\u00e1s de 30 a\u00f1os de experiencia en la educaci\u00f3n de los ni\u00f1os correntinos.<\/p>\n\n\n\n<p><strong>Carolina D\u00edaz<\/strong>: profesional de la comunicaci\u00f3n social y especialista en transformaci\u00f3n digital de empresas. Ha entrenado a m\u00e1s de 1.000 personas en habilidades comunicativas y es creadora de la \u00fanica aplicaci\u00f3n de oratoria en habla hispana con perspectiva de g\u00e9nero y diversidad.<\/p>\n\n\n\n<p><strong>\u00c1ngela Medina de Telechea<\/strong>: pastora evang\u00e9lica, emprendedora y l\u00edder cristiana. A trav\u00e9s de su fundaci\u00f3n, brinda asistencia social y espiritual a familias y sectores vulnerables de Corrientes.<\/p>\n\n\n\n<p><strong>Sof\u00eda Meabe<\/strong>: tenista de \u00e9lite convocada por la Asociaci\u00f3n Argentina de Tenis con tan solo 16 a\u00f1os. Representa al pa\u00eds en torneos internacionales.<\/p>\n\n\n\n<p><strong>Roc\u00edo Telechea<\/strong>: una de las \u201c\u00c1ngeles del Puente\u201d, destacada por su labor salvando vidas en el Puente General Belgrano.<\/p>\n\n\n\n<p><strong>Stella D\u00edaz<\/strong>: bombera voluntaria en Paso de los Libres, reconocida por su incansable labor ante emergencias en la provincia.<\/p>\n\n\n\n<p><strong>Mar\u00eda Graciela Correa<\/strong>: comprometida con la comunidad de Ibiray, donde desde hace m\u00e1s de 20 a\u00f1os brinda catecismo, capacitaciones, cursos y asistencia m\u00e9dica a los vecinos.<\/p>\n\n\n\n<p><strong>Miriam Mabel Torres<\/strong>: enfermera con 38 a\u00f1os de servicio, muy querida en Itat\u00ed por su dedicaci\u00f3n y responsabilidad.<\/p>\n\n\n\n<p><strong>Agustina Castro<\/strong>: contadora con un fuerte compromiso con el desarrollo de la provincia desde su juventud.<\/p>\n\n\n\n<p><strong>Mariana Grigolato<\/strong>: emprendedora farmac\u00e9utica de Bella Vista. Sus productos cosm\u00e9ticos y medicamentos personalizados son los \u00fanicos en la provincia autorizados por ANMAT.<\/p>\n\n\n\n<p><strong>Claudia Alegre<\/strong>: desde hace 25 a\u00f1os entrega desayuno y almuerzo a m\u00e1s de 200 familias del Barrio Santa Mar\u00eda.<\/p>\n\n\n\n<p><strong>Isabel Giles<\/strong>: comprometida con el barrio San Benito, donde prepara desayuno y almuerzo para m\u00e1s de 350 personas.<\/p>\n\n\n\n<p><strong>Ing. Paula Montenegro<\/strong>: ingeniera forestal y presidenta de la Asociaci\u00f3n del Plan Estrat\u00e9gico Foresto Industrial de Corrientes.<\/p>\n\n\n\n<p><strong>Sargento Silvia Rafaela Avancini<\/strong>: bombera de Paso de los Libres, en primera l\u00ednea en el combate de incendios forestales.<\/p>\n\n\n\n<p><strong>Oficial Betiana Villordo<\/strong>: cadete del Instituto Superior de Formaci\u00f3n Policial, salv\u00f3 la vida de un beb\u00e9 de 12 d\u00edas aplicando la maniobra de Heimlich.<\/p>\n\n\n\n<p><strong>Gladis Isabel Rebak<\/strong>: doctora en Ciencias Veterinarias y especialista en gesti\u00f3n de la cadena de valor de la carne bovina. Autora de cuatro libros y directora de proyectos de investigaci\u00f3n.<\/p>\n\n\n\n<p><strong>Dra. Viviana Sol\u00eds Neffa<\/strong>: licenciada en Zoolog\u00eda, doctora en Ciencias Biol\u00f3gicas e investigadora principal del CONICET. Dirige un equipo que trabaja en la conservaci\u00f3n y manejo sustentable de los paisajes forestales del NEA.<\/p>\n\n\n\n<p><strong>Jimena G\u00f3mez<\/strong>: profesora de Educaci\u00f3n Tecnol\u00f3gica y docente rural en San Borgita e Ituzaing\u00f3. Recorre 36 km para dar clases, donde impulsa proyectos educativos innovadores.<\/p>\n\n\n\n<p><strong>Sonnia Gracia de Mill\u00e1n<\/strong>: profesora en Biolog\u00eda, licenciada en Zoolog\u00eda, mag\u00edster y doctora en Ciencias Cognitivas. Directora de Educaci\u00f3n Permanente de J\u00f3venes y Adultos, entre otros programas educativos.<\/p>\n\n\n\n<p><strong>Marta Vidoni<\/strong>: gestora cultural y coordinadora general del Ballet Oficial del Chamam\u00e9 desde su fundaci\u00f3n en 2015.<\/p>\n\n\n\n<p><strong>Mar\u00eda Teresa G\u00f3mez Belcastro<\/strong>: presidenta de la Fundaci\u00f3n &#8220;Red Alimentos Corrientes&#8221;, que distribuye alimentos a 45 merenderos, comedores y hogares en la provincia.<\/p>\n\n\n\n<p><strong>Hermana Silvia Carballo<\/strong>: religiosa del Monasterio San Alberto de Lavalle, dedicada al acompa\u00f1amiento y la oraci\u00f3n en su comunidad.<\/p>\n\n\n\n<p><strong>Olga Villalba<\/strong>: guardaparque de la Reserva Santa Mar\u00eda, reconocida por su compromiso con la conservaci\u00f3n de los Esteros del Iber\u00e1.<\/p>\n\n\n\n<p><strong>Mar\u00eda Emilia Sellares<\/strong>: m\u00e9dica veterinaria especializada en el rescate y reintroducci\u00f3n de especies aut\u00f3ctonas de Corrientes.<\/p>\n\n\n\n<p><strong>Liliana Catalina Mancedo<\/strong>: responsable del \u00e1rea de Difusi\u00f3n y Educaci\u00f3n del Centro de Conservaci\u00f3n Aguar\u00e1. Capacita fuerzas de seguridad y escuelas sobre la conservaci\u00f3n de especies silvestres.<\/p>\n\n\n\n<p><strong>Eulidia Cardozo<\/strong>: cocinera popular de San Miguel, transform\u00f3 ingredientes simples en platos memorables y es reconocida por chefs de todo el pa\u00eds.<\/p>\n\n\n\n<p><strong>Elsa Medina<\/strong>: emprendedora y defensora de las tradiciones correntinas. Difunde la cultura y el idioma guaran\u00ed desde Santa Ana.<\/p>\n\n\n\n<p><strong>Virginia Aguirre Talamo\u00f1a<\/strong>: artista visual que impulsa la gesti\u00f3n cultural y tur\u00edstica en Curuz\u00fa Cuati\u00e1.<\/p>\n\n\n\n<p><strong>Gladys Estela \u00c1lvarez<\/strong>: gu\u00eda del Parque Provincial Iber\u00e1 y emprendedora tur\u00edstica. Implement\u00f3 accesibilidad en su alojamiento para personas con discapacidad.<\/p>\n\n\n\n<p><strong>Dra. Cecilia Accattoli<\/strong>: dirige iniciativas de conservaci\u00f3n en los humedales del Iber\u00e1, promoviendo el desarrollo sostenible con foco en la biodiversidad.<\/p>\n\n\n\n<p><strong>Natalia Cardozo<\/strong>: diplomada extraccionista y coordinadora de Promotores de Salud en la provincia, dedicada a la detecci\u00f3n temprana de enfermedades.<\/p>\n\n\n\n<p><strong>Dra. Alicia Pereira<\/strong>: responsable de la atenci\u00f3n primaria de salud en Corrientes, impulsora de procesos innovadores para acercar la salud a toda la poblaci\u00f3n.<\/p>\n\n\n\n<p><strong>Dora Honoria Pittorino<\/strong>: vicepresidenta de la Fundaci\u00f3n Oncol\u00f3gica de Corrientes, incansable trabajadora por el bienestar de los correntinos.<\/p>\n\n\n\n<p>&nbsp;<strong>Luciana G\u00f3mez de la Fuente<\/strong>: emprendedora en el rubro de indumentaria para mujeres y ni\u00f1os, destacada por su esp\u00edritu innovador.<\/p>\n\n\n\n<p><strong>M\u00f3nica Roxana Morales<\/strong>: profesora de educaci\u00f3n f\u00edsica y entrenadora nacional de levantamiento ol\u00edmpico. Ha establecido m\u00e1s de 55 r\u00e9cords nacionales y participado en siete ediciones de juegos internacionales.<\/p>\n\n\n\n<p><strong>Gabriela Guti\u00e9rrez<\/strong>: jugadora de futsal que inici\u00f3 en su barrio y lleg\u00f3 a representar tanto a Corrientes como a la selecci\u00f3n argentina.<\/p>\n\n\n\n<p><strong>Dra. Zulema Salvadora G\u00f3mez<\/strong>: especialista en pol\u00edticas p\u00fablicas para la ni\u00f1ez y familia. Trabaja en la restituci\u00f3n de derechos vulnerados de ni\u00f1os y adolescentes en situaci\u00f3n de vulnerabilidad.<\/p>\n\n\n\n<p><strong>Dra. Daniela Andraus<\/strong>: abogada, mediadora y profesora universitaria. Coordina el Centro de Atenci\u00f3n Jur\u00eddica Integral a V\u00edctimas de Violencia de G\u00e9nero.<\/p>\n\n\n\n<p><strong>Laura Campuzano<\/strong>: profesora de educaci\u00f3n f\u00edsica especializada en estudiantes con discapacidad, destacada en jornadas deportivas locales y nacionales.<\/p>\n\n\n\n<p><strong>Silvia Fern\u00e1ndez<\/strong>: profesora de educaci\u00f3n f\u00edsica y formadora en atletismo, impulsora de valores fundamentales en sus alumnos.<\/p>\n\n\n\n<p><strong>Herminda Monz\u00f3n<\/strong>: emprendedora, manualista y repostera. Comenz\u00f3 feriando en eventos y hoy tiene su propio local.<\/p>\n\n\n\n<p><strong>Presencias<\/strong><\/p>\n\n\n\n<p>Tambi\u00e9n asistieron al acto, el vicegobernador, Pedro Braillard Poccard, ministros, secretarios y subsecretarios del gabinete provincial, la presidenta del Consejo Provincial de la Mujer, Cecilia Berger, la esposa del gobernador Vald\u00e9s, Cristina Garro, legisladores nacionales y provinciales y dem\u00e1s autoridades.<\/p>\n\n\n\n<p><\/p>\n\n\n\n<figure class=\"wp-block-image size-large\"><img loading=\"lazy\" decoding=\"async\" width=\"1024\" height=\"764\" src=\"https:\/\/corrientesdetarde.com\/wp-content\/uploads\/2025\/03\/image-224-1024x764.png\" alt=\"\" class=\"wp-image-195129\" srcset=\"https:\/\/corrientesdetarde.com\/wp-content\/uploads\/2025\/03\/image-224-1024x764.png 1024w, https:\/\/corrientesdetarde.com\/wp-content\/uploads\/2025\/03\/image-224-300x224.png 300w, https:\/\/corrientesdetarde.com\/wp-content\/uploads\/2025\/03\/image-224-768x573.png 768w, https:\/\/corrientesdetarde.com\/wp-content\/uploads\/2025\/03\/image-224.png 1160w\" sizes=\"auto, (max-width: 1024px) 100vw, 1024px\" \/><\/figure>\n\n\n\n<p><\/p>\n\n\n\n<p><\/p>\n","protected":false},"excerpt":{"rendered":"<p>En conmemoraci\u00f3n al D\u00eda Internacional de la Mujer, que se celebra ma\u00f1ana s\u00e1bado, 8 de marzo, el Gobierno Provincial realiz\u00f3 este viernes un emotivo homenaje a mujeres destacadas correntinas, en&hellip; <\/p>\n","protected":false},"author":4,"featured_media":195124,"comment_status":"closed","ping_status":"open","sticky":false,"template":"","format":"standard","meta":{"footnotes":""},"categories":[26],"tags":[],"class_list":["post-195021","post","type-post","status-publish","format-standard","has-post-thumbnail","hentry","category-destacados"],"_links":{"self":[{"href":"https:\/\/corrientesdetarde.com\/index.php\/wp-json\/wp\/v2\/posts\/195021","targetHints":{"allow":["GET"]}}],"collection":[{"href":"https:\/\/corrientesdetarde.com\/index.php\/wp-json\/wp\/v2\/posts"}],"about":[{"href":"https:\/\/corrientesdetarde.com\/index.php\/wp-json\/wp\/v2\/types\/post"}],"author":[{"embeddable":true,"href":"https:\/\/corrientesdetarde.com\/index.php\/wp-json\/wp\/v2\/users\/4"}],"replies":[{"embeddable":true,"href":"https:\/\/corrientesdetarde.com\/index.php\/wp-json\/wp\/v2\/comments?post=195021"}],"version-history":[{"count":2,"href":"https:\/\/corrientesdetarde.com\/index.php\/wp-json\/wp\/v2\/posts\/195021\/revisions"}],"predecessor-version":[{"id":195130,"href":"https:\/\/corrientesdetarde.com\/index.php\/wp-json\/wp\/v2\/posts\/195021\/revisions\/195130"}],"wp:featuredmedia":[{"embeddable":true,"href":"https:\/\/corrientesdetarde.com\/index.php\/wp-json\/wp\/v2\/media\/195124"}],"wp:attachment":[{"href":"https:\/\/corrientesdetarde.com\/index.php\/wp-json\/wp\/v2\/media?parent=195021"}],"wp:term":[{"taxonomy":"category","embeddable":true,"href":"https:\/\/corrientesdetarde.com\/index.php\/wp-json\/wp\/v2\/categories?post=195021"},{"taxonomy":"post_tag","embeddable":true,"href":"https:\/\/corrientesdetarde.com\/index.php\/wp-json\/wp\/v2\/tags?post=195021"}],"curies":[{"name":"wp","href":"https:\/\/api.w.org\/{rel}","templated":true}]}}