{"id":195049,"date":"2025-03-06T23:18:25","date_gmt":"2025-03-07T02:18:25","guid":{"rendered":"https:\/\/corrientesdetarde.com\/?p=195049"},"modified":"2025-03-06T23:18:30","modified_gmt":"2025-03-07T02:18:30","slug":"el-gobierno-de-corrientes-implementara-un-subsidio-provincial-de-energia-durante-cuatro-meses-2","status":"publish","type":"post","link":"https:\/\/corrientesdetarde.com\/index.php\/actualidad\/el-gobierno-de-corrientes-implementara-un-subsidio-provincial-de-energia-durante-cuatro-meses-2\/","title":{"rendered":"El Gobierno de Corrientes implementar\u00e1 un subsidio provincial de energ\u00eda durante cuatro meses"},"content":{"rendered":"\n<p>Lo confirm\u00f3 el ministro Carlos Vignolo, e hizo referencia a un &#8220;esfuerzo transitorio del estado provincial&#8221;, para que unos 80 mil usuarios provinciales que perdieron el subsidio nacional para abonar la energ\u00eda lo mantengan &#8220;hasta volver a inscribirse al sistema nacional&#8221;. &#8220;El beneficio tendr\u00e1 impacto desde las pr\u00f3xima factura. El usuario no deber\u00e1 realizar ning\u00fan tr\u00e1mite ahora, pero luego deber\u00e1 reinscribirse al subsidio nacional&#8221;, precis\u00f3 Vignolo. Durante 4 meses ver\u00e1n reducida su factura final en montos significativos.<\/p>\n\n\n\n<p>El doctor Carlos Vignolo subray\u00f3 que \u00e9sta decisi\u00f3n fue definida en detalle en el discurso del gobernador Vald\u00e9s del pasado s\u00e1bado 1 de marzo, al abrir el Periodo Ordinario de Sesiones de la Legislatura Provincial.<\/p>\n\n\n\n<figure class=\"wp-block-image\"><img decoding=\"async\" src=\"https:\/\/www.radiodos.com.ar\/content\/bucket\/7\/254687w380h213c.jpg.webp\" alt=\"\"\/><\/figure>\n\n\n\n<p>El beneficio ser\u00e1 para quienes estuvieron inscriptos en el sistema nacional de subsidios, al no realizar la reinscripcion en el RASE.<\/p>\n\n\n\n<p>Durante 4 meses ver\u00e1n reducida su factura final en montos significativos.<\/p>\n\n\n\n<p>En ese plazo, los usuarios que no se inscribieron en el registro nacional, deber\u00e1n hacerlo para mantener el beneficio. Pondremos todos los recursos disponibles para colaborar con esta tarea que es &nbsp;personal e indelegable.<\/p>\n\n\n\n<p>Efectivamente, el mandatario dijo textualmente que &#8220;hace 7 a\u00f1os que sostenemos la tarifa social el\u00e9ctrica con recursos provinciales y he dado instrucciones a la DPEC de incluir en ella a aquellos usuarios a los que les fue retirado el beneficio por<br>parte del Gobierno Nacional por no inscribirse en el Registro de Acceso a los Subsidios Energ\u00e9ticos; hablamos de 80.000<br>usuarios que representan el 30% del padr\u00f3n&#8221;.<\/p>\n\n\n\n<p><strong>POL\u00cdTICA&nbsp;<\/strong><\/p>\n\n\n\n<p>De la campa\u00f1a pol\u00edtica, el ministro Vignolo, expres\u00f3: &#8220;nosotros somos una alianza de gobierno, tenemos una responsabilidad de gestionar el d\u00eda a d\u00eda de los correntinos, tendemos a acordar el proceso electoral&#8221;; y mencion\u00f3: &#8220;tenemos que ir generando las condiciones para empezar a perfilar una propuesta de futuro para Corrientes&#8221;.<\/p>\n\n\n\n<p>Asimismo, el funcionario provincial, puntualiz\u00f3: &#8220;tenemos super\u00e1vit fiscal, tenemos la tasa de empleo m\u00e1s alta del NEA, nuestros parques industriales est\u00e1n en funcionamiento, hicimos la modernizaci\u00f3n del Vera, ampliaci\u00f3n del Juan Pablo, el hospital oncol\u00f3gico, modernizamos el corsodromo, el centro administrativo, somos l\u00edderes en forestaci\u00f3n, arroz, citrus, convertimos a los Esteros del Iber\u00e1 en un destino internacional&#8221;; y afirm\u00f3: &#8220;tenemos un plan de gobierno de desarrollo, modernizaci\u00f3n, industrializaci\u00f3n, hacemos una nueva convocatoria con \u2018Vamos Corrientes\u2019, para todos los que coincidan con estos ejes de crecimiento&#8221;.<\/p>\n\n\n\n<p>Al mismo tiempo, el ministro Vignolo, destac\u00f3: &#8220;tenemos l\u00edmites que es el kirchnerismo, si comparten nuestro criterio pueden sumarse, tenemos un esp\u00edritu abierto, con prioridad en Corrientes&#8221;; y a\u00f1adi\u00f3: &#8220;quienes est\u00e9n en la alianza tienen que tener compromiso y vocaci\u00f3n de pertenecer&#8221;.<\/p>\n\n\n\n<p>Del diputado de ELI, Pedro Cassani, si est\u00e1 adentro o afuera, el ministro de coordinaci\u00f3n, sostuvo: &#8220;no me corresponde decirlo, sabemos que tenemos muchos socios que piensan igual&#8221;; y se\u00f1al\u00f3: &#8220;el devenir del tiempo va a ir ubicando las cosas en su lugar, en pol\u00edtica las cosas suelen cambiar&#8221;.<\/p>\n\n\n\n<p>&#8220;El funcionario que sientan pertenencia y coincidencia con la alianza se queda y el que no, se va&#8221; enfatiz\u00f3.<\/p>\n","protected":false},"excerpt":{"rendered":"<p>Lo confirm\u00f3 el ministro Carlos Vignolo, e hizo referencia a un &#8220;esfuerzo transitorio del estado provincial&#8221;, para que unos 80 mil usuarios provinciales que perdieron el subsidio nacional para abonar&hellip; <\/p>\n","protected":false},"author":4,"featured_media":195050,"comment_status":"closed","ping_status":"open","sticky":false,"template":"","format":"standard","meta":{"footnotes":""},"categories":[23],"tags":[],"class_list":["post-195049","post","type-post","status-publish","format-standard","has-post-thumbnail","hentry","category-actualidad"],"_links":{"self":[{"href":"https:\/\/corrientesdetarde.com\/index.php\/wp-json\/wp\/v2\/posts\/195049","targetHints":{"allow":["GET"]}}],"collection":[{"href":"https:\/\/corrientesdetarde.com\/index.php\/wp-json\/wp\/v2\/posts"}],"about":[{"href":"https:\/\/corrientesdetarde.com\/index.php\/wp-json\/wp\/v2\/types\/post"}],"author":[{"embeddable":true,"href":"https:\/\/corrientesdetarde.com\/index.php\/wp-json\/wp\/v2\/users\/4"}],"replies":[{"embeddable":true,"href":"https:\/\/corrientesdetarde.com\/index.php\/wp-json\/wp\/v2\/comments?post=195049"}],"version-history":[{"count":1,"href":"https:\/\/corrientesdetarde.com\/index.php\/wp-json\/wp\/v2\/posts\/195049\/revisions"}],"predecessor-version":[{"id":195051,"href":"https:\/\/corrientesdetarde.com\/index.php\/wp-json\/wp\/v2\/posts\/195049\/revisions\/195051"}],"wp:featuredmedia":[{"embeddable":true,"href":"https:\/\/corrientesdetarde.com\/index.php\/wp-json\/wp\/v2\/media\/195050"}],"wp:attachment":[{"href":"https:\/\/corrientesdetarde.com\/index.php\/wp-json\/wp\/v2\/media?parent=195049"}],"wp:term":[{"taxonomy":"category","embeddable":true,"href":"https:\/\/corrientesdetarde.com\/index.php\/wp-json\/wp\/v2\/categories?post=195049"},{"taxonomy":"post_tag","embeddable":true,"href":"https:\/\/corrientesdetarde.com\/index.php\/wp-json\/wp\/v2\/tags?post=195049"}],"curies":[{"name":"wp","href":"https:\/\/api.w.org\/{rel}","templated":true}]}}