{"id":195052,"date":"2025-03-06T23:34:09","date_gmt":"2025-03-07T02:34:09","guid":{"rendered":"https:\/\/corrientesdetarde.com\/?p=195052"},"modified":"2025-03-06T23:34:12","modified_gmt":"2025-03-07T02:34:12","slug":"inflacion-en-uruguay-se-ubico-en-51-interanual-hasta-febrero","status":"publish","type":"post","link":"https:\/\/corrientesdetarde.com\/index.php\/internacionales\/inflacion-en-uruguay-se-ubico-en-51-interanual-hasta-febrero\/","title":{"rendered":"Inflaci\u00f3n en Uruguay: se ubic\u00f3 en 5,1% interanual hasta febrero"},"content":{"rendered":"\n<h2 class=\"wp-block-heading\">En otro orden, la nueva gesti\u00f3n apuntala el Mercosur.<\/h2>\n\n\n\n<p>La<mark><strong>&nbsp;inflaci\u00f3n en Uruguay<\/strong><\/mark>&nbsp;se ubic\u00f3 en 5,1% en el a\u00f1o m\u00f3vil con cierre en febrero, por&nbsp;encima del 5,05 de enero, y complet\u00f3 21 meses consecutivos dentro&nbsp;del rango meta oficial (3-6%), inform\u00f3 el Instituto Nacional de Estad\u00edstica (INE).<\/p>\n\n\n\n<p>En febrero, el<strong>&nbsp;\u00cdndice de Precios del Consumidor (IPC)&nbsp;<\/strong>dio un&nbsp;salto mensual de 0,69 por ciento -extendiendo el mayor periodo en&nbsp;la historia dentro del rango meta del Banco Central del Uruguay&nbsp;(BCU)- y en el primer bimestre de 2025 acumula una alza de 1,80&nbsp;por ciento.<\/p>\n\n\n\n<p>Las principales incidencias en el indicador en el segundo mes&nbsp;del a\u00f1o fueron de los rubros&nbsp;<strong>Alimentos y bebidas no alcoh\u00f3licas&nbsp;(0,26 por ciento), Vivienda, agua y electricidad (2,84) y&nbsp;Mobiliario y Enseres Dom\u00e9sticos (1,10 por ciento).<\/strong><\/p>\n\n\n\n<p>En la \u00faltima Encuesta de Expectativas que realiza mensualmente&nbsp;el BCU los analistas pronosticaron en mediana una inflaci\u00f3n de&nbsp;5,80 por ciento para 2025 y de 1,0 por ciento para febrero.<\/p>\n\n\n\n<p>La<mark><strong>&nbsp;inflaci\u00f3n en Uruguay<\/strong><\/mark>&nbsp;cerr\u00f3 el 2024 en 5,49 por ciento y&nbsp;complet\u00f3 su segundo a\u00f1o consecutivo dentro del rango meta oficial.<\/p>\n\n\n\n<p>Desde la segunda mitad de 2023 la<strong>&nbsp;inflaci\u00f3n&nbsp;<\/strong>viene registrando&nbsp;los menores valores desde el 2005 y es uno de los logros en&nbsp;materia econ\u00f3mica del Gobierno que concluy\u00f3 el s\u00e1bado del&nbsp;presidente Luis Lacalle Pou, seg\u00fan la agencia de noticias Xinhua. El BCU decidi\u00f3 a principios de febrero un aumento de 25 puntos&nbsp;b\u00e1sicos en la Tasa de Pol\u00edtica Monetaria (TPM) hasta un 9,0 por&nbsp;ciento, desde 8,75 en diciembre, para que inflaci\u00f3n y expectativas&nbsp;&#8220;converjan&#8221; en el objetivo de 4,5 por ciento anual a 24 meses.&nbsp;&nbsp;<\/p>\n\n\n\n<h3 class=\"wp-block-heading\">La nueva gesti\u00f3n apuntala el Mercosur<\/h3>\n\n\n\n<p><strong>Mario Lubetkin asumi\u00f3 como ministro de Relaciones Exteriores de Uruguay del nuevo Gobierno de Yamand\u00fa Orsi y abog\u00f3 por profundizar los v\u00ednculos con los pa\u00edses del Mercosur (Argentina, Brasil, Paraguay, Uruguay).&nbsp;&nbsp;&nbsp;<\/strong><\/p>\n\n\n\n<p><em><strong>&#8220;Debemos seguir teniendo una din\u00e1mica participaci\u00f3n en preservar y mejorar el Mercosur&#8221;<\/strong><\/em><strong>, se\u00f1al\u00f3 Lubetkin&nbsp;<\/strong>en una ceremonia que tuvo lugar en el Palacio Santos, sede de la canciller\u00eda, con la presidencia de Orsi.<\/p>\n\n\n\n<p>El objetivo es que el bloque sudamericano creado en 1991&nbsp;<em><strong>&#8220;cada d\u00eda sea m\u00e1s s\u00f3lido y avance en diferentes l\u00edneas de trabajo para que todos sus socios sigan comprometidos y c\u00f3modos en este espacio estrat\u00e9gico de integraci\u00f3n&#8221;.&nbsp;&nbsp; &#8220;Esto significa profundizar nuestra relaci\u00f3n y la cooperaci\u00f3n bilateral con nuestros hermanos brasileros, argentinos y paraguayos&#8221;<\/strong><\/em>, enfatiz\u00f3.<\/p>\n\n\n\n<p>Lubetkin puntualiz\u00f3 que&nbsp;<em><strong>la canciller\u00eda buscar\u00e1 &#8220;el mayor n\u00famero de acuerdos que permitan generar pol\u00edticas de Estado entre todas las fuerzas pol\u00edticas&#8221;.&nbsp;<\/strong><\/em>Por otra parte, asegur\u00f3 que&nbsp;<em><strong>&#8220;un cap\u00edtulo destacado&#8221; de la agenda internacional \u201cser\u00e1 nuestra capacidad de ser un actor de paz y de pacificaci\u00f3n\u201d.<\/strong><\/em><\/p>\n\n\n\n<p>Y a\u00f1adi\u00f3:<em><strong>&nbsp;\u201cOjal\u00e1 Uruguay pueda ser un punto de encuentro y facilidades, de realidades hoy enfrentadas. Y ojal\u00e1 con nuestro apoyo y otros pa\u00edses amigos, que tienen gran respeto internacional tambi\u00e9n, podamos ayudar a reducir los niveles de tensi\u00f3n creciente en nuestro mundo\u201d<\/strong><\/em>. Tambi\u00e9n adelant\u00f3 que seguir\u00e1&nbsp;<em>&#8220;las instrucciones del presidente Orsi para que nuestro pa\u00eds sea un actor de di\u00e1logo y consenso subregional, regional y m\u00e1s all\u00e1 del continente&#8221;.&nbsp;&nbsp;&nbsp;<\/em><\/p>\n\n\n\n<p><strong>Lubetkin, de 67 a\u00f1os, se desempe\u00f1aba como subdirector general de la FAO hasta que acept\u00f3 su nombramiento como jefe de la diplomacia uruguaya.&nbsp;&nbsp;&nbsp;<\/strong><\/p>\n\n\n\n<p><strong>Orsi asumi\u00f3 la presidencia el s\u00e1bado para el periodo 2025-2030 en el regreso del izquierdista Frente Amplio (FA) al Gobierno tras cinco a\u00f1os en la oposici\u00f3n.<\/strong><\/p>\n","protected":false},"excerpt":{"rendered":"<p>En otro orden, la nueva gesti\u00f3n apuntala el Mercosur. La&nbsp;inflaci\u00f3n en Uruguay&nbsp;se ubic\u00f3 en 5,1% en el a\u00f1o m\u00f3vil con cierre en febrero, por&nbsp;encima del 5,05 de enero, y complet\u00f3&hellip; <\/p>\n","protected":false},"author":4,"featured_media":195053,"comment_status":"closed","ping_status":"open","sticky":false,"template":"","format":"standard","meta":{"footnotes":""},"categories":[11],"tags":[],"class_list":["post-195052","post","type-post","status-publish","format-standard","has-post-thumbnail","hentry","category-internacionales"],"_links":{"self":[{"href":"https:\/\/corrientesdetarde.com\/index.php\/wp-json\/wp\/v2\/posts\/195052","targetHints":{"allow":["GET"]}}],"collection":[{"href":"https:\/\/corrientesdetarde.com\/index.php\/wp-json\/wp\/v2\/posts"}],"about":[{"href":"https:\/\/corrientesdetarde.com\/index.php\/wp-json\/wp\/v2\/types\/post"}],"author":[{"embeddable":true,"href":"https:\/\/corrientesdetarde.com\/index.php\/wp-json\/wp\/v2\/users\/4"}],"replies":[{"embeddable":true,"href":"https:\/\/corrientesdetarde.com\/index.php\/wp-json\/wp\/v2\/comments?post=195052"}],"version-history":[{"count":1,"href":"https:\/\/corrientesdetarde.com\/index.php\/wp-json\/wp\/v2\/posts\/195052\/revisions"}],"predecessor-version":[{"id":195055,"href":"https:\/\/corrientesdetarde.com\/index.php\/wp-json\/wp\/v2\/posts\/195052\/revisions\/195055"}],"wp:featuredmedia":[{"embeddable":true,"href":"https:\/\/corrientesdetarde.com\/index.php\/wp-json\/wp\/v2\/media\/195053"}],"wp:attachment":[{"href":"https:\/\/corrientesdetarde.com\/index.php\/wp-json\/wp\/v2\/media?parent=195052"}],"wp:term":[{"taxonomy":"category","embeddable":true,"href":"https:\/\/corrientesdetarde.com\/index.php\/wp-json\/wp\/v2\/categories?post=195052"},{"taxonomy":"post_tag","embeddable":true,"href":"https:\/\/corrientesdetarde.com\/index.php\/wp-json\/wp\/v2\/tags?post=195052"}],"curies":[{"name":"wp","href":"https:\/\/api.w.org\/{rel}","templated":true}]}}