{"id":195056,"date":"2025-03-06T23:37:02","date_gmt":"2025-03-07T02:37:02","guid":{"rendered":"https:\/\/corrientesdetarde.com\/?p=195056"},"modified":"2025-03-06T23:37:13","modified_gmt":"2025-03-07T02:37:13","slug":"rusia-advirtio-acerca-del-involucramiento-directo-de-la-otan-en-su-conflcto-con-ucrania","status":"publish","type":"post","link":"https:\/\/corrientesdetarde.com\/index.php\/internacionales\/rusia-advirtio-acerca-del-involucramiento-directo-de-la-otan-en-su-conflcto-con-ucrania\/","title":{"rendered":"Rusia advirti\u00f3 acerca del &#8220;involucramiento directo de la OTAN&#8221; en su conflcto con Ucrania"},"content":{"rendered":"\n<h2 class=\"wp-block-heading\">Corri\u00f3 por cuenta del ministro ruso de Relaciones Exteriores, Sergei Lavrov: disgusto con Macron.<\/h2>\n\n\n\n<p><strong>Rusia considera el posible despliegue de tropas europeas en Ucrania como un involucramiento directo de la Organizaci\u00f3n del Tratado del Atl\u00e1ntico Norte (OTAN) en el conflicto, advirti\u00f3 este jueves el ministro ruso de Relaciones Exteriores, Sergei Lavrov.&nbsp;<\/strong><\/p>\n\n\n\n<p><strong>Lavrov calific\u00f3 la acci\u00f3n como&nbsp;<\/strong><em><strong>&#8220;un involucramiento directo, oficial y no disimulado de los pa\u00edses de la OTAN en una guerra contra la Federaci\u00f3n Rusa&#8221;<\/strong><\/em>&nbsp;y advirti\u00f3 que la presencia de esas fuerzas en Ucrania ser\u00eda inaceptable para Mosc\u00fa.<\/p>\n\n\n\n<p><strong>El canciller ruso formul\u00f3 las declaraciones despu\u00e9s de que el presidente de Francia, Emmanuel Macron, anunciara el mi\u00e9rcoles que considerar\u00eda el env\u00edo de tropas europeas a Ucrania para hacer cumplir un acuerdo de paz, aunque puntualiz\u00f3 que las tropas no se involucrar\u00edan en el combate en primera l\u00ednea.<\/strong><\/p>\n\n\n\n<p><em><strong>&#8220;Esto constituye una amenaza para Rusia&#8221;<\/strong><\/em><strong>, enfatiz\u00f3 Lavrov,&nbsp;<\/strong>quien agreg\u00f3 que Mosc\u00fa no ve ning\u00fan margen para un compromiso sobre el despliegue de fuerzas europeas en Ucrania.&nbsp;&nbsp;&nbsp;<\/p>\n\n\n\n<p>Luego afirm\u00f3 que&nbsp;<em><strong>&#8220;esta discusi\u00f3n se est\u00e1 llevando a cabo con un objetivo abiertamente hostil&#8221;.&nbsp;&nbsp;&nbsp;<\/strong><\/em><\/p>\n\n\n\n<p>El canciller agreg\u00f3 que la suspensi\u00f3n de la ayuda militar estadounidense a&nbsp;<strong>Ucrania&nbsp;<\/strong>podr\u00eda ayudar a poner fin al conflicto r\u00e1pidamente.<\/p>\n\n\n\n<p>En un discurso televisado, el presidente alert\u00f3 a los franceses de la realidad de un mundo&nbsp;<em><strong>\u201ccada vez m\u00e1s brutal\u201d&nbsp;<\/strong><\/em>en el que Rusia es una amenaza y Europa ya no est\u00e1 segura de poder contar con Estados Unidos.<\/p>\n\n\n\n<p><strong>Macron&nbsp;<\/strong>plante\u00f3 un incremento en el gasto militar, la posibilidad de enviar tropas europeas a Ucrania en caso de lograrse un acuerdo de paz con Rusia y abri\u00f3 el debate sobre compartir la disuasi\u00f3n nuclear francesa con otras naciones del Viejo Continente. Mosc\u00fa respondi\u00f3 calificando a Macron de&nbsp;<em><strong>&#8220;charlat\u00e1n&#8221;.<\/strong><\/em><\/p>\n","protected":false},"excerpt":{"rendered":"<p>Corri\u00f3 por cuenta del ministro ruso de Relaciones Exteriores, Sergei Lavrov: disgusto con Macron. Rusia considera el posible despliegue de tropas europeas en Ucrania como un involucramiento directo de la&hellip; <\/p>\n","protected":false},"author":4,"featured_media":195057,"comment_status":"closed","ping_status":"open","sticky":false,"template":"","format":"standard","meta":{"footnotes":""},"categories":[11],"tags":[],"class_list":["post-195056","post","type-post","status-publish","format-standard","has-post-thumbnail","hentry","category-internacionales"],"_links":{"self":[{"href":"https:\/\/corrientesdetarde.com\/index.php\/wp-json\/wp\/v2\/posts\/195056","targetHints":{"allow":["GET"]}}],"collection":[{"href":"https:\/\/corrientesdetarde.com\/index.php\/wp-json\/wp\/v2\/posts"}],"about":[{"href":"https:\/\/corrientesdetarde.com\/index.php\/wp-json\/wp\/v2\/types\/post"}],"author":[{"embeddable":true,"href":"https:\/\/corrientesdetarde.com\/index.php\/wp-json\/wp\/v2\/users\/4"}],"replies":[{"embeddable":true,"href":"https:\/\/corrientesdetarde.com\/index.php\/wp-json\/wp\/v2\/comments?post=195056"}],"version-history":[{"count":1,"href":"https:\/\/corrientesdetarde.com\/index.php\/wp-json\/wp\/v2\/posts\/195056\/revisions"}],"predecessor-version":[{"id":195058,"href":"https:\/\/corrientesdetarde.com\/index.php\/wp-json\/wp\/v2\/posts\/195056\/revisions\/195058"}],"wp:featuredmedia":[{"embeddable":true,"href":"https:\/\/corrientesdetarde.com\/index.php\/wp-json\/wp\/v2\/media\/195057"}],"wp:attachment":[{"href":"https:\/\/corrientesdetarde.com\/index.php\/wp-json\/wp\/v2\/media?parent=195056"}],"wp:term":[{"taxonomy":"category","embeddable":true,"href":"https:\/\/corrientesdetarde.com\/index.php\/wp-json\/wp\/v2\/categories?post=195056"},{"taxonomy":"post_tag","embeddable":true,"href":"https:\/\/corrientesdetarde.com\/index.php\/wp-json\/wp\/v2\/tags?post=195056"}],"curies":[{"name":"wp","href":"https:\/\/api.w.org\/{rel}","templated":true}]}}