{"id":195059,"date":"2025-03-06T23:38:51","date_gmt":"2025-03-07T02:38:51","guid":{"rendered":"https:\/\/corrientesdetarde.com\/?p=195059"},"modified":"2025-03-06T23:38:56","modified_gmt":"2025-03-07T02:38:56","slug":"tiro-al-segno-a-milei-meloni-o-a-trump","status":"publish","type":"post","link":"https:\/\/corrientesdetarde.com\/index.php\/internacionales\/tiro-al-segno-a-milei-meloni-o-a-trump\/","title":{"rendered":"\u00bfTiro al Segno, a Milei, Meloni o a Trump?"},"content":{"rendered":"\n<h2 class=\"wp-block-heading\">Pol\u00e9mica en Espa\u00f1a por un concurso que organizaron contra los presidentes de la Argentina, los Estados Unidos y la primera ministra de Italia.<\/h2>\n\n\n\n<p>Grupos de izquierda organizaron un acto de protesta en Zaragoza, Espa\u00f1a, simulando un disparo al blanco representado por los rostros de l\u00edderes internacionales, entre ellos el presidente de la Argentina,<strong>&nbsp;Javier Milei.<\/strong><\/p>\n\n\n\n<p><mark>Seg\u00fan cr\u00f3nicas period\u00edsticas, hubo quienes expresaron su&nbsp;<\/mark><em><mark><strong>\u201cprofunda indignaci\u00f3n\u201d&nbsp;<\/strong><\/mark><\/em><mark>ante esa iniciativa, que tambi\u00e9n tuvo como&nbsp;<\/mark><em><mark><strong>\u201cblancos\u201d<\/strong><\/mark><\/em><mark>&nbsp;al presidente de los Estados Unidos, Donald Trump, y a la primera ministra de Italia, Giorgia Meloni.<\/mark><\/p>\n\n\n\n<p>La instalaci\u00f3n, colocada en el&nbsp;<strong>parque T\u00edo Jorge<\/strong>, inclu\u00eda un cartel que incitaba a participar del juego con la frase:&nbsp;<strong>\u201cDispara con el dardo a tu facha favorito\u201d<\/strong>.<\/p>\n\n\n\n<p>Entre las figuras retratadas se encontraban los presidentes&nbsp;<strong>Donald Trump (EE.UU.)<\/strong>,&nbsp;<strong>Vladimir Putin (Rusia)<\/strong>,&nbsp;<strong>Javier Milei (Argentina)<\/strong>,&nbsp;<strong>Benjam\u00edn Netanyahu (Israel)<\/strong>&nbsp;y&nbsp;<strong>Volodimir Zelenski (Ucrania)<\/strong>.&nbsp;<\/p>\n\n\n\n<p>Tambi\u00e9n aparec\u00edan otros l\u00edderes como&nbsp;<strong>Giorgia Meloni<\/strong>,&nbsp;<strong>Santiago Abascal<\/strong>,&nbsp;<strong>Alice Weidel<\/strong>,&nbsp;<strong>Marine Le Pen<\/strong>&nbsp;y el empresario&nbsp;<strong>Elon Musk<\/strong>, todos con sus rostros tachados en se\u00f1al de rechazo, refleja el sitio Newsweek Argentina.<\/p>\n\n\n\n<p>Seg\u00fan medios locales, los presuntos responsables de la iniciativa ser\u00edan la&nbsp;<strong>Corriente Revolucionaria de Trabajadores y Trabajadoras (CRT)<\/strong>, el&nbsp;<strong>Sindicato de Estudiantes de Izquierda (SEI)<\/strong>&nbsp;y el colectivo feminista&nbsp;<strong>Pan y Rosas de Zaragoza<\/strong>, cuyos logotipos figuraban en la instalaci\u00f3n.<\/p>\n\n\n\n<p>El l\u00edder de&nbsp;<strong>Vox, Santiago Abascal<\/strong>, reaccion\u00f3 en su cuenta de&nbsp;<strong>X<\/strong>, denunciando el hecho con duras palabras:&nbsp;<strong>\u201cSon homicidas. Y cuando no pueden asesinar de verdad, fantasean y juegan con ello. Son los que han lamentado que Trump sobreviva a las tentativas de asesinato. Los que desean que alguien ataque a Javier Milei, a Giorgia Meloni o a m\u00ed mismo. Lo llevan en el ADN criminal de su ideolog\u00eda siniestra\u201d<\/strong>.<\/p>\n","protected":false},"excerpt":{"rendered":"<p>Pol\u00e9mica en Espa\u00f1a por un concurso que organizaron contra los presidentes de la Argentina, los Estados Unidos y la primera ministra de Italia. Grupos de izquierda organizaron un acto de&hellip; <\/p>\n","protected":false},"author":4,"featured_media":195060,"comment_status":"closed","ping_status":"open","sticky":false,"template":"","format":"standard","meta":{"footnotes":""},"categories":[11],"tags":[],"class_list":["post-195059","post","type-post","status-publish","format-standard","has-post-thumbnail","hentry","category-internacionales"],"_links":{"self":[{"href":"https:\/\/corrientesdetarde.com\/index.php\/wp-json\/wp\/v2\/posts\/195059","targetHints":{"allow":["GET"]}}],"collection":[{"href":"https:\/\/corrientesdetarde.com\/index.php\/wp-json\/wp\/v2\/posts"}],"about":[{"href":"https:\/\/corrientesdetarde.com\/index.php\/wp-json\/wp\/v2\/types\/post"}],"author":[{"embeddable":true,"href":"https:\/\/corrientesdetarde.com\/index.php\/wp-json\/wp\/v2\/users\/4"}],"replies":[{"embeddable":true,"href":"https:\/\/corrientesdetarde.com\/index.php\/wp-json\/wp\/v2\/comments?post=195059"}],"version-history":[{"count":1,"href":"https:\/\/corrientesdetarde.com\/index.php\/wp-json\/wp\/v2\/posts\/195059\/revisions"}],"predecessor-version":[{"id":195061,"href":"https:\/\/corrientesdetarde.com\/index.php\/wp-json\/wp\/v2\/posts\/195059\/revisions\/195061"}],"wp:featuredmedia":[{"embeddable":true,"href":"https:\/\/corrientesdetarde.com\/index.php\/wp-json\/wp\/v2\/media\/195060"}],"wp:attachment":[{"href":"https:\/\/corrientesdetarde.com\/index.php\/wp-json\/wp\/v2\/media?parent=195059"}],"wp:term":[{"taxonomy":"category","embeddable":true,"href":"https:\/\/corrientesdetarde.com\/index.php\/wp-json\/wp\/v2\/categories?post=195059"},{"taxonomy":"post_tag","embeddable":true,"href":"https:\/\/corrientesdetarde.com\/index.php\/wp-json\/wp\/v2\/tags?post=195059"}],"curies":[{"name":"wp","href":"https:\/\/api.w.org\/{rel}","templated":true}]}}