{"id":195062,"date":"2025-03-06T23:40:19","date_gmt":"2025-03-07T02:40:19","guid":{"rendered":"https:\/\/corrientesdetarde.com\/?p=195062"},"modified":"2025-03-06T23:40:24","modified_gmt":"2025-03-07T02:40:24","slug":"el-canal-es-y-siempre-sera-panameno-reitero-el-presidente-mulino","status":"publish","type":"post","link":"https:\/\/corrientesdetarde.com\/index.php\/internacionales\/el-canal-es-y-siempre-sera-panameno-reitero-el-presidente-mulino\/","title":{"rendered":"&#8220;El canal es y siempre ser\u00e1 paname\u00f1o&#8221;, reiter\u00f3 el presidente Mulino"},"content":{"rendered":"\n<h2 class=\"wp-block-heading\">El mandatario defendi\u00f3 la soberan\u00eda de su pa\u00eds ante el asedio de la administraci\u00f3n Trump.<\/h2>\n\n\n\n<p>El presidente de Panam\u00e1,&nbsp;<strong>Jos\u00e9 Ra\u00fal Mulino,&nbsp;<\/strong>reiter\u00f3 hoy jueves que el&nbsp;<strong>Canal de Panam\u00e1,<\/strong>&nbsp;codiciado por Estados Unidos,&nbsp;<strong>&#8220;es y siempre ser\u00e1 paname\u00f1o&#8221;.<\/strong><\/p>\n\n\n\n<p>En un mensaje en sus redes sociales, el mandatario comparti\u00f3 una imagen con el texto en espa\u00f1ol y en ingl\u00e9s:&nbsp;<strong>&#8220;La verdad es la realidad. El canal es y siempre ser\u00e1 paname\u00f1o&#8221;<\/strong>, acompa\u00f1ada de fotos de cinco a\u00f1os clave en el proceso de conquista y celebraci\u00f3n de la soberan\u00eda de la v\u00eda interoce\u00e1nica.<\/p>\n\n\n\n<p>Primero, muestra<strong>&nbsp;el a\u00f1o 1964,<\/strong>&nbsp;cuando en la gesta del 9 de enero murieron 21 paname\u00f1os a manos del ej\u00e9rcito estadounidense y se rompieron los v\u00ednculos con Estados Unidos hasta que Washington acept\u00f3 revisar sus relaciones en torno al Canal.<\/p>\n\n\n\n<p>Posteriormente, enumera el a\u00f1o 1977, cuando se firmaron los tratados entre el l\u00edder paname\u00f1o&nbsp;<strong>Omar Torrijos&nbsp;<\/strong>y el entonces presidente estadounidense&nbsp;<strong>Jimmy Carter<\/strong>&nbsp;que establecieron la&nbsp;<br>transferencia de la v\u00eda a Panam\u00e1 el 31 de diciembre de 1999, fecha que igualmente se incluye.<\/p>\n\n\n\n<p>La imagen tambi\u00e9n retrata el 2007, cuando la administraci\u00f3n paname\u00f1a inici\u00f3 la&nbsp;<strong>ampliaci\u00f3n del Canal de Panam\u00e1<\/strong>&nbsp;a trav\u00e9s de la construcci\u00f3n de un tercer juego de esclusas y, finalmente, el 2025 cuando se celebra el 25 aniversario de Panam\u00e1 administrando el Canal.<\/p>\n","protected":false},"excerpt":{"rendered":"<p>El mandatario defendi\u00f3 la soberan\u00eda de su pa\u00eds ante el asedio de la administraci\u00f3n Trump. El presidente de Panam\u00e1,&nbsp;Jos\u00e9 Ra\u00fal Mulino,&nbsp;reiter\u00f3 hoy jueves que el&nbsp;Canal de Panam\u00e1,&nbsp;codiciado por Estados Unidos,&nbsp;&#8220;es&hellip; <\/p>\n","protected":false},"author":4,"featured_media":195063,"comment_status":"closed","ping_status":"open","sticky":false,"template":"","format":"standard","meta":{"footnotes":""},"categories":[11],"tags":[],"class_list":["post-195062","post","type-post","status-publish","format-standard","has-post-thumbnail","hentry","category-internacionales"],"_links":{"self":[{"href":"https:\/\/corrientesdetarde.com\/index.php\/wp-json\/wp\/v2\/posts\/195062","targetHints":{"allow":["GET"]}}],"collection":[{"href":"https:\/\/corrientesdetarde.com\/index.php\/wp-json\/wp\/v2\/posts"}],"about":[{"href":"https:\/\/corrientesdetarde.com\/index.php\/wp-json\/wp\/v2\/types\/post"}],"author":[{"embeddable":true,"href":"https:\/\/corrientesdetarde.com\/index.php\/wp-json\/wp\/v2\/users\/4"}],"replies":[{"embeddable":true,"href":"https:\/\/corrientesdetarde.com\/index.php\/wp-json\/wp\/v2\/comments?post=195062"}],"version-history":[{"count":1,"href":"https:\/\/corrientesdetarde.com\/index.php\/wp-json\/wp\/v2\/posts\/195062\/revisions"}],"predecessor-version":[{"id":195064,"href":"https:\/\/corrientesdetarde.com\/index.php\/wp-json\/wp\/v2\/posts\/195062\/revisions\/195064"}],"wp:featuredmedia":[{"embeddable":true,"href":"https:\/\/corrientesdetarde.com\/index.php\/wp-json\/wp\/v2\/media\/195063"}],"wp:attachment":[{"href":"https:\/\/corrientesdetarde.com\/index.php\/wp-json\/wp\/v2\/media?parent=195062"}],"wp:term":[{"taxonomy":"category","embeddable":true,"href":"https:\/\/corrientesdetarde.com\/index.php\/wp-json\/wp\/v2\/categories?post=195062"},{"taxonomy":"post_tag","embeddable":true,"href":"https:\/\/corrientesdetarde.com\/index.php\/wp-json\/wp\/v2\/tags?post=195062"}],"curies":[{"name":"wp","href":"https:\/\/api.w.org\/{rel}","templated":true}]}}