{"id":195068,"date":"2025-03-06T23:49:17","date_gmt":"2025-03-07T02:49:17","guid":{"rendered":"https:\/\/corrientesdetarde.com\/?p=195068"},"modified":"2025-03-06T23:49:21","modified_gmt":"2025-03-07T02:49:21","slug":"atencion-river-se-confirmaron-las-lesiones-de-driussi-y-martinez-quarta","status":"publish","type":"post","link":"https:\/\/corrientesdetarde.com\/index.php\/deportes\/atencion-river-se-confirmaron-las-lesiones-de-driussi-y-martinez-quarta\/","title":{"rendered":"Atenci\u00f3n River: Se confirmaron las lesiones de Driussi y Mart\u00ednez Quarta"},"content":{"rendered":"\n<h2 class=\"wp-block-heading\">Ambos futbolistas salieron reemplazados en el duelo ante Talleres por la Supercopa Internacional por molestias f\u00edsicas.<\/h2>\n\n\n\n<p>Los jugadores de River Sebasti\u00e1n Driussi y Lucas Mart\u00ednez Quarta debieron ser reemplazados por lesi\u00f3n en la derrota del pasado mi\u00e9rcoles ante Talleres por la Supercopa Internacional, que se llev\u00f3 a cabo en Paraguay.<\/p>\n\n\n\n<p>Tras realizarse los estudios m\u00e9dicos correspondientes se determin\u00f3 que el delantero tiene comprometido el isquiotibial izquierdo, mientras que el defensor central padeci\u00f3 un problema en el cu\u00e1driceps derecho.<\/p>\n\n\n\n<p>De esta manera, ambos futbolistas se suman a la baja del mediocampista Giuliano Galoppo, y no podr\u00edan formar parte de los pr\u00f3ximos tres encuentros que deber\u00e1 disputar el elenco millonario ante Atl\u00e9tico Tucum\u00e1n, Deportivo Riestra y Ciudad de Bolivar, por Copa Libertadores.<\/p>\n\n\n\n<p>Facundo Colidio tuvo que ingresar en lugar del atacante de 29 a\u00f1os a los 34 minutos de la primera mitad, luego de que este sintiera un fuerte pinchazo en la pierna izquierda al tratar de eludir al defensor de la T, Valent\u00edn Depietri.<\/p>\n\n\n\n<p>Por su parte, el \u201cChino\u201d pidi\u00f3 el cambio a los 20 minutos del complemento cuando se arroj\u00f3 al suelo, con muestras de dolor en el rostro, por un inconveniente que lo persegu\u00eda desde el primer tiempo, donde se lo vio elongar en reiteradas oportunidades.<\/p>\n\n\n\n<p>Paulo D\u00edaz salt\u00f3 al terreno de juego por el zaguero, quien comenz\u00f3 el cotejo desde el banco de suplentes por la titularidad de Germ\u00e1n Pezzella.<\/p>\n\n\n\n<p>Por \u00faltimo, otro de los que tampoco podr\u00e1 decir presente en el enfrentamiento ante los tucumanos del pr\u00f3ximo domingo, desde las 19:15 en el Monumental, ser\u00e1 Enzo P\u00e9rez, quien fue expulsado frente a Estudiantes por una dura infracci\u00f3n sobre Cristian Medina.<\/p>\n","protected":false},"excerpt":{"rendered":"<p>Ambos futbolistas salieron reemplazados en el duelo ante Talleres por la Supercopa Internacional por molestias f\u00edsicas. Los jugadores de River Sebasti\u00e1n Driussi y Lucas Mart\u00ednez Quarta debieron ser reemplazados por&hellip; <\/p>\n","protected":false},"author":4,"featured_media":195069,"comment_status":"closed","ping_status":"open","sticky":false,"template":"","format":"standard","meta":{"footnotes":""},"categories":[4],"tags":[],"class_list":["post-195068","post","type-post","status-publish","format-standard","has-post-thumbnail","hentry","category-deportes"],"_links":{"self":[{"href":"https:\/\/corrientesdetarde.com\/index.php\/wp-json\/wp\/v2\/posts\/195068","targetHints":{"allow":["GET"]}}],"collection":[{"href":"https:\/\/corrientesdetarde.com\/index.php\/wp-json\/wp\/v2\/posts"}],"about":[{"href":"https:\/\/corrientesdetarde.com\/index.php\/wp-json\/wp\/v2\/types\/post"}],"author":[{"embeddable":true,"href":"https:\/\/corrientesdetarde.com\/index.php\/wp-json\/wp\/v2\/users\/4"}],"replies":[{"embeddable":true,"href":"https:\/\/corrientesdetarde.com\/index.php\/wp-json\/wp\/v2\/comments?post=195068"}],"version-history":[{"count":1,"href":"https:\/\/corrientesdetarde.com\/index.php\/wp-json\/wp\/v2\/posts\/195068\/revisions"}],"predecessor-version":[{"id":195070,"href":"https:\/\/corrientesdetarde.com\/index.php\/wp-json\/wp\/v2\/posts\/195068\/revisions\/195070"}],"wp:featuredmedia":[{"embeddable":true,"href":"https:\/\/corrientesdetarde.com\/index.php\/wp-json\/wp\/v2\/media\/195069"}],"wp:attachment":[{"href":"https:\/\/corrientesdetarde.com\/index.php\/wp-json\/wp\/v2\/media?parent=195068"}],"wp:term":[{"taxonomy":"category","embeddable":true,"href":"https:\/\/corrientesdetarde.com\/index.php\/wp-json\/wp\/v2\/categories?post=195068"},{"taxonomy":"post_tag","embeddable":true,"href":"https:\/\/corrientesdetarde.com\/index.php\/wp-json\/wp\/v2\/tags?post=195068"}],"curies":[{"name":"wp","href":"https:\/\/api.w.org\/{rel}","templated":true}]}}