{"id":195072,"date":"2025-03-07T08:12:41","date_gmt":"2025-03-07T11:12:41","guid":{"rendered":"https:\/\/corrientesdetarde.com\/?p=195072"},"modified":"2025-03-07T08:16:30","modified_gmt":"2025-03-07T11:16:30","slug":"desde-el-lunes-10-de-marzo-se-paga-el-plus-unificado","status":"publish","type":"post","link":"https:\/\/corrientesdetarde.com\/index.php\/destacados\/desde-el-lunes-10-de-marzo-se-paga-el-plus-unificado\/","title":{"rendered":"Desde el lunes 10 de marzo se paga el plus unificado"},"content":{"rendered":"\n<p>A trav\u00e9s de sus redes sociales, @gustavovaldesok, el primer mandatario correntino comunic\u00f3 el cronograma de liquidaci\u00f3n del beneficio. Se inicia este lunes 10 y se extiendo por cinco d\u00edas. Alcanza a los agentes de la administraci\u00f3n p\u00fablica provincial, tanto activos, como jubilados y pensionados.<\/p>\n\n\n\n<p>El gobernador Vald\u00e9s inform\u00f3 que el cronograma de pago del Adicional Remunerativo Mensual (Plus Unificado) correspondiente a marzo, de $55 mil por agente (activo, jubilado y pensionado) comienza este lunes 10; esta jornada se paga a los beneficiarios con Documento Nacional de Identidad terminados en 0 y 1.<\/p>\n\n\n\n<p>Este tramo estar\u00e1 disponible desde el s\u00e1bado 8, a trav\u00e9s de home banking y los cajeros autom\u00e1ticos habilitados por el Banco de Corrientes SA. &nbsp;<\/p>\n\n\n\n<p>El martes 11, percibir\u00e1n aquellos con documentos terminados en 2 y 3; el mi\u00e9rcoles 12, quienes tengan sus DNI finalizados en 4 y 5. El cronograma contin\u00faa el jueves 13, jornada que se pagar\u00e1 a los agentes con n\u00fameros finalizados en 6 y 7.<\/p>\n\n\n\n<p>El pago del Plus Unificado (Adicional Remunerativo Mensual) de marzo terminar\u00e1 el viernes 14, d\u00eda que percibir\u00e1n los agentes con DNI finalizados en 8 y 9.<\/p>\n\n\n\n<p><\/p>\n\n\n\n<blockquote class=\"twitter-tweet\"><p lang=\"es\" dir=\"ltr\">El Plus Unificado del mes de marzo para trabajadores provinciales activos y jubilados se pagar\u00e1 por terminaci\u00f3n de DNI:<br><br>\u2022 Lunes 10: 0 y 1*<br>\u2022 Martes 11: 2 y 3<br>\u2022 Mi\u00e9rcoles 12: 4 y 5<br>\u2022 Jueves 13: 6 y 7<br>\u2022 Viernes 14: 8 y 9<br><br>* Disponible en cajeros, s\u00e1bado 8.<\/p>&mdash; Gustavo Vald\u00e9s (@gustavovaldesok) <a href=\"https:\/\/twitter.com\/gustavovaldesok\/status\/1897965498567958844?ref_src=twsrc%5Etfw\">March 7, 2025<\/a><\/blockquote> <script async src=\"https:\/\/platform.twitter.com\/widgets.js\" charset=\"utf-8\"><\/script>\n","protected":false},"excerpt":{"rendered":"<p>A trav\u00e9s de sus redes sociales, @gustavovaldesok, el primer mandatario correntino comunic\u00f3 el cronograma de liquidaci\u00f3n del beneficio. Se inicia este lunes 10 y se extiendo por cinco d\u00edas. Alcanza&hellip; <\/p>\n","protected":false},"author":1,"featured_media":195083,"comment_status":"closed","ping_status":"open","sticky":false,"template":"","format":"standard","meta":{"footnotes":""},"categories":[26],"tags":[],"class_list":["post-195072","post","type-post","status-publish","format-standard","has-post-thumbnail","hentry","category-destacados"],"_links":{"self":[{"href":"https:\/\/corrientesdetarde.com\/index.php\/wp-json\/wp\/v2\/posts\/195072","targetHints":{"allow":["GET"]}}],"collection":[{"href":"https:\/\/corrientesdetarde.com\/index.php\/wp-json\/wp\/v2\/posts"}],"about":[{"href":"https:\/\/corrientesdetarde.com\/index.php\/wp-json\/wp\/v2\/types\/post"}],"author":[{"embeddable":true,"href":"https:\/\/corrientesdetarde.com\/index.php\/wp-json\/wp\/v2\/users\/1"}],"replies":[{"embeddable":true,"href":"https:\/\/corrientesdetarde.com\/index.php\/wp-json\/wp\/v2\/comments?post=195072"}],"version-history":[{"count":2,"href":"https:\/\/corrientesdetarde.com\/index.php\/wp-json\/wp\/v2\/posts\/195072\/revisions"}],"predecessor-version":[{"id":195091,"href":"https:\/\/corrientesdetarde.com\/index.php\/wp-json\/wp\/v2\/posts\/195072\/revisions\/195091"}],"wp:featuredmedia":[{"embeddable":true,"href":"https:\/\/corrientesdetarde.com\/index.php\/wp-json\/wp\/v2\/media\/195083"}],"wp:attachment":[{"href":"https:\/\/corrientesdetarde.com\/index.php\/wp-json\/wp\/v2\/media?parent=195072"}],"wp:term":[{"taxonomy":"category","embeddable":true,"href":"https:\/\/corrientesdetarde.com\/index.php\/wp-json\/wp\/v2\/categories?post=195072"},{"taxonomy":"post_tag","embeddable":true,"href":"https:\/\/corrientesdetarde.com\/index.php\/wp-json\/wp\/v2\/tags?post=195072"}],"curies":[{"name":"wp","href":"https:\/\/api.w.org\/{rel}","templated":true}]}}