{"id":195074,"date":"2025-03-07T08:08:58","date_gmt":"2025-03-07T11:08:58","guid":{"rendered":"https:\/\/corrientesdetarde.com\/?p=195074"},"modified":"2025-03-07T08:09:10","modified_gmt":"2025-03-07T11:09:10","slug":"un-incendio-en-corrientes-destruyo-siete-colectivos-y-tres-camiones","status":"publish","type":"post","link":"https:\/\/corrientesdetarde.com\/index.php\/locales\/un-incendio-en-corrientes-destruyo-siete-colectivos-y-tres-camiones\/","title":{"rendered":"Un incendio en Corrientes destruy\u00f3 siete colectivos y tres camiones"},"content":{"rendered":"\n<p>Un feroz incendio forestal se propag\u00f3 r\u00e1pidamente este jueves al mediod\u00eda y\u00a0<strong>alcanz\u00f3 un galp\u00f3n de colectivos de la empresa El Cometa<\/strong>, ubicado en la intersecci\u00f3n de Maip\u00fa y Ruta 12. Como consecuencia,\u00a0<strong>siete colectivos y tres camiones\u00a0quedaron incinerados, aunque algunas lograron ser rescatadas por los bomberos.<\/strong><\/p>\n\n\n\n<p><\/p>\n\n\n\n<p><strong>Las&nbsp;fuertes r\u00e1fagas de viento dificultaron las tareas de extinci\u00f3n del foco \u00edgneo<\/strong>&nbsp;que hab\u00eda iniciado en la tarde del mi\u00e9rcoles en inmediaciones. Luego de varias horas lograron sofocarlo, y este mediod\u00eda volvieron a reactivarse extendi\u00e9ndose r\u00e1pidamente hasta el galp\u00f3n con varios veh\u00edculos. Las brigadas trabajaron durante horas y como saldo se registraron importantes p\u00e9rdidas de unidades.<\/p>\n\n\n\n<p><strong>\u201cEn el transcurso de ayer tuvimos un incendio de gran magnitud a las 19 horas aproximadamente hasta las 1 de la ma\u00f1ana cerca de los talleres de Cometa\u201d,<\/strong>&nbsp;explic\u00f3 Daniel Bertorello, comandante de bomberos voluntarios a este medio.&nbsp;<\/p>\n\n\n\n<figure class=\"wp-block-image\"><img decoding=\"async\" src=\"https:\/\/pxcdn.ellitoral.com.ar\/litoral\/032025\/1741299858666.jpg?cw=807\" alt=\"Un incendio en Corrientes destruy\u00f3 siete colectivos y tres camiones \" title=\"Un incendio en Corrientes destruy\u00f3 siete colectivos y tres camiones -\"\/><\/figure>\n\n\n\n<p>\u201cPero esta ma\u00f1ana se volvi\u00f3 a incendiar, fue r\u00e1pidamente una brigada del Brif y otra de bomberos voluntarios, pero el viento ven\u00eda muy fuerte y hemos salvado algunos colectivos pero hay otros que se quemaron, la mayor\u00eda estaban en desuso\u201d, agreg\u00f3 a este medio. &nbsp;<\/p>\n\n\n\n<p>Fuentes oficiales se\u00f1alaron que un total de 10 veh\u00edculos terminaron destruidos, entre los que se encuentra siete colectivos y tres camiones.&nbsp;&nbsp;<\/p>\n\n\n\n<p>Si bien algunos colectivos pudieron ser rescatados, otros quedaron completamente destruidos. La mayor\u00eda de los veh\u00edculos afectados estaban en desuso. En el operativo participaron cuatro autobombas y camiones cisterna para contener las llamas y evitar su propagaci\u00f3n a zonas cercanas.<\/p>\n","protected":false},"excerpt":{"rendered":"<p>Un feroz incendio forestal se propag\u00f3 r\u00e1pidamente este jueves al mediod\u00eda y\u00a0alcanz\u00f3 un galp\u00f3n de colectivos de la empresa El Cometa, ubicado en la intersecci\u00f3n de Maip\u00fa y Ruta 12.&hellip; <\/p>\n","protected":false},"author":1,"featured_media":195075,"comment_status":"closed","ping_status":"open","sticky":false,"template":"","format":"standard","meta":{"footnotes":""},"categories":[8],"tags":[],"class_list":["post-195074","post","type-post","status-publish","format-standard","has-post-thumbnail","hentry","category-locales"],"_links":{"self":[{"href":"https:\/\/corrientesdetarde.com\/index.php\/wp-json\/wp\/v2\/posts\/195074","targetHints":{"allow":["GET"]}}],"collection":[{"href":"https:\/\/corrientesdetarde.com\/index.php\/wp-json\/wp\/v2\/posts"}],"about":[{"href":"https:\/\/corrientesdetarde.com\/index.php\/wp-json\/wp\/v2\/types\/post"}],"author":[{"embeddable":true,"href":"https:\/\/corrientesdetarde.com\/index.php\/wp-json\/wp\/v2\/users\/1"}],"replies":[{"embeddable":true,"href":"https:\/\/corrientesdetarde.com\/index.php\/wp-json\/wp\/v2\/comments?post=195074"}],"version-history":[{"count":1,"href":"https:\/\/corrientesdetarde.com\/index.php\/wp-json\/wp\/v2\/posts\/195074\/revisions"}],"predecessor-version":[{"id":195076,"href":"https:\/\/corrientesdetarde.com\/index.php\/wp-json\/wp\/v2\/posts\/195074\/revisions\/195076"}],"wp:featuredmedia":[{"embeddable":true,"href":"https:\/\/corrientesdetarde.com\/index.php\/wp-json\/wp\/v2\/media\/195075"}],"wp:attachment":[{"href":"https:\/\/corrientesdetarde.com\/index.php\/wp-json\/wp\/v2\/media?parent=195074"}],"wp:term":[{"taxonomy":"category","embeddable":true,"href":"https:\/\/corrientesdetarde.com\/index.php\/wp-json\/wp\/v2\/categories?post=195074"},{"taxonomy":"post_tag","embeddable":true,"href":"https:\/\/corrientesdetarde.com\/index.php\/wp-json\/wp\/v2\/tags?post=195074"}],"curies":[{"name":"wp","href":"https:\/\/api.w.org\/{rel}","templated":true}]}}