{"id":195081,"date":"2025-03-07T08:16:03","date_gmt":"2025-03-07T11:16:03","guid":{"rendered":"https:\/\/corrientesdetarde.com\/?p=195081"},"modified":"2025-03-07T08:16:15","modified_gmt":"2025-03-07T11:16:15","slug":"detuvieron-al-hombre-que-abuso-de-su-hija-discapacitada-y-la-dejo-embarazada","status":"publish","type":"post","link":"https:\/\/corrientesdetarde.com\/index.php\/crimen-y-justicia\/detuvieron-al-hombre-que-abuso-de-su-hija-discapacitada-y-la-dejo-embarazada\/","title":{"rendered":"Detuvieron al hombre que abus\u00f3 de su hija discapacitada y la dej\u00f3 embarazada"},"content":{"rendered":"\n<p>Informaron fuentes judiciales que aprehendieron ayer al hombre acusado de violar a su hija y embarazarla. Tras el grave delito cometido por el perpetrador, la v\u00edctima concibi\u00f3 al ni\u00f1o que tuvo como consecuencia del abuso.<br>Seg\u00fan se pudo conocer, el abuso habr\u00eda sido denunciado reiteradas veces por una de las hijas del hombre, harta de los tormentos constantes que comet\u00eda en la vivienda donde compart\u00edan. Tambi\u00e9n, comentaron que la madre padece de discapacidad.\u00a0<br>Por orden de la fiscal\u00eda de la localidad, se solicit\u00f3 la inmediata detenci\u00f3n del sujeto. La caratula que lleva el caso es &#8220;violaci\u00f3n agravada por acceso carnal y el v\u00ednculo&#8221;.\u00a0<br>El hombre tiene 63 a\u00f1os y es oriundo de la primera secci\u00f3n chacras de Santo Tom\u00e9.<\/p>\n\n\n\n<p><\/p>\n","protected":false},"excerpt":{"rendered":"<p>Informaron fuentes judiciales que aprehendieron ayer al hombre acusado de violar a su hija y embarazarla. Tras el grave delito cometido por el perpetrador, la v\u00edctima concibi\u00f3 al ni\u00f1o que&hellip; <\/p>\n","protected":false},"author":1,"featured_media":195089,"comment_status":"closed","ping_status":"open","sticky":false,"template":"","format":"standard","meta":{"footnotes":""},"categories":[5],"tags":[],"class_list":["post-195081","post","type-post","status-publish","format-standard","has-post-thumbnail","hentry","category-crimen-y-justicia"],"_links":{"self":[{"href":"https:\/\/corrientesdetarde.com\/index.php\/wp-json\/wp\/v2\/posts\/195081","targetHints":{"allow":["GET"]}}],"collection":[{"href":"https:\/\/corrientesdetarde.com\/index.php\/wp-json\/wp\/v2\/posts"}],"about":[{"href":"https:\/\/corrientesdetarde.com\/index.php\/wp-json\/wp\/v2\/types\/post"}],"author":[{"embeddable":true,"href":"https:\/\/corrientesdetarde.com\/index.php\/wp-json\/wp\/v2\/users\/1"}],"replies":[{"embeddable":true,"href":"https:\/\/corrientesdetarde.com\/index.php\/wp-json\/wp\/v2\/comments?post=195081"}],"version-history":[{"count":1,"href":"https:\/\/corrientesdetarde.com\/index.php\/wp-json\/wp\/v2\/posts\/195081\/revisions"}],"predecessor-version":[{"id":195090,"href":"https:\/\/corrientesdetarde.com\/index.php\/wp-json\/wp\/v2\/posts\/195081\/revisions\/195090"}],"wp:featuredmedia":[{"embeddable":true,"href":"https:\/\/corrientesdetarde.com\/index.php\/wp-json\/wp\/v2\/media\/195089"}],"wp:attachment":[{"href":"https:\/\/corrientesdetarde.com\/index.php\/wp-json\/wp\/v2\/media?parent=195081"}],"wp:term":[{"taxonomy":"category","embeddable":true,"href":"https:\/\/corrientesdetarde.com\/index.php\/wp-json\/wp\/v2\/categories?post=195081"},{"taxonomy":"post_tag","embeddable":true,"href":"https:\/\/corrientesdetarde.com\/index.php\/wp-json\/wp\/v2\/tags?post=195081"}],"curies":[{"name":"wp","href":"https:\/\/api.w.org\/{rel}","templated":true}]}}