{"id":195088,"date":"2025-03-07T08:19:49","date_gmt":"2025-03-07T11:19:49","guid":{"rendered":"https:\/\/corrientesdetarde.com\/?p=195088"},"modified":"2025-03-07T08:19:52","modified_gmt":"2025-03-07T11:19:52","slug":"robaron-cableado-y-equipos-de-una-empresa-de-internet","status":"publish","type":"post","link":"https:\/\/corrientesdetarde.com\/index.php\/policiales\/robaron-cableado-y-equipos-de-una-empresa-de-internet\/","title":{"rendered":"Robaron cableado y equipos de una empresa de internet"},"content":{"rendered":"\n<p>Los due\u00f1os de la empresa de internet Wispana, que provee de servicio a miles de usuarios, denunciaron que al menos dos delincuentes irrumpieron en sus instalaciones ubicadas en el kil\u00f3metro 1 de la Ruta Provincial 43, de donde robaron cableado y costosos equipamientos.<\/p>\n\n\n\n<p><br>El delito ocurri\u00f3 la noche del martes \u00faltimo alrededor de las 22,40 cuando &#8220;rompieron y robaron de todo&#8221;, seg\u00fan detallaron en sus redes sociales.<br>Adem\u00e1s, aseguran que llenaron con cosas la camioneta toda ploteada de la empresa la cual se llevaron para posteriormente abandonarla por Ruta Provincial 99 y avenida Centenario donde al parecer hicieron el trasbordo de los elementos sustra\u00eddos, a otro veh\u00edculo.\u00a0<br>Aseguran que &#8220;se los est\u00e1 intentando identificar&#8221;, y ante ello solicitan a al comunidad de que &#8220;si alguno tiene informaci\u00f3n o sospecha de conocerlos, por favor me escriban&#8221;.\u00a0<br>Luego, cerraron: &#8220;Estemos atentos y alertas, porque est\u00e1n cerca, saludos&#8221;<\/p>\n","protected":false},"excerpt":{"rendered":"<p>Los due\u00f1os de la empresa de internet Wispana, que provee de servicio a miles de usuarios, denunciaron que al menos dos delincuentes irrumpieron en sus instalaciones ubicadas en el kil\u00f3metro&hellip; <\/p>\n","protected":false},"author":1,"featured_media":195095,"comment_status":"closed","ping_status":"open","sticky":false,"template":"","format":"standard","meta":{"footnotes":""},"categories":[33],"tags":[],"class_list":["post-195088","post","type-post","status-publish","format-standard","has-post-thumbnail","hentry","category-policiales"],"_links":{"self":[{"href":"https:\/\/corrientesdetarde.com\/index.php\/wp-json\/wp\/v2\/posts\/195088","targetHints":{"allow":["GET"]}}],"collection":[{"href":"https:\/\/corrientesdetarde.com\/index.php\/wp-json\/wp\/v2\/posts"}],"about":[{"href":"https:\/\/corrientesdetarde.com\/index.php\/wp-json\/wp\/v2\/types\/post"}],"author":[{"embeddable":true,"href":"https:\/\/corrientesdetarde.com\/index.php\/wp-json\/wp\/v2\/users\/1"}],"replies":[{"embeddable":true,"href":"https:\/\/corrientesdetarde.com\/index.php\/wp-json\/wp\/v2\/comments?post=195088"}],"version-history":[{"count":1,"href":"https:\/\/corrientesdetarde.com\/index.php\/wp-json\/wp\/v2\/posts\/195088\/revisions"}],"predecessor-version":[{"id":195096,"href":"https:\/\/corrientesdetarde.com\/index.php\/wp-json\/wp\/v2\/posts\/195088\/revisions\/195096"}],"wp:featuredmedia":[{"embeddable":true,"href":"https:\/\/corrientesdetarde.com\/index.php\/wp-json\/wp\/v2\/media\/195095"}],"wp:attachment":[{"href":"https:\/\/corrientesdetarde.com\/index.php\/wp-json\/wp\/v2\/media?parent=195088"}],"wp:term":[{"taxonomy":"category","embeddable":true,"href":"https:\/\/corrientesdetarde.com\/index.php\/wp-json\/wp\/v2\/categories?post=195088"},{"taxonomy":"post_tag","embeddable":true,"href":"https:\/\/corrientesdetarde.com\/index.php\/wp-json\/wp\/v2\/tags?post=195088"}],"curies":[{"name":"wp","href":"https:\/\/api.w.org\/{rel}","templated":true}]}}