{"id":195093,"date":"2025-03-07T08:32:56","date_gmt":"2025-03-07T11:32:56","guid":{"rendered":"https:\/\/corrientesdetarde.com\/?p=195093"},"modified":"2025-03-07T08:33:08","modified_gmt":"2025-03-07T11:33:08","slug":"lali-esposito-tomo-una-drastica-decision-con-nati-jota-y-eial-moldavsky","status":"publish","type":"post","link":"https:\/\/corrientesdetarde.com\/index.php\/espectaculos\/lali-esposito-tomo-una-drastica-decision-con-nati-jota-y-eial-moldavsky\/","title":{"rendered":"Lali Esp\u00f3sito tom\u00f3 una dr\u00e1stica decisi\u00f3n con Nati Jota y Eial Moldavsky"},"content":{"rendered":"\n<p>Este fin de semana explotaron las redes sociales por un segmento de Olga TV en el que Eial Moldavsky presumi\u00f3 p\u00fablicamente de un t\u00f3rrido encuentro \u00edntimo con &#8220;una famosa clase A&#8221; a frente a Nati Jota y Homero Pettinato, que la identific\u00f3 como Lali Esp\u00f3sito.<\/p>\n\n\n\n<p>&nbsp;<br>&nbsp;<br>Las pol\u00e9micas declaraciones del hijo de Roberto Moldavsky no pasaron desapercibidas, al igual que las transgresiones que ocurren en Olga, y los usuarios de redes sociales criticaron duramente tanto al licenciado en filosof\u00eda como a sus compa\u00f1eros.<\/p>\n\n\n\n<p>De esta manera, Elial sali\u00f3 a pedir disculpas en sus redes sociales por su comportamiento poco caballeroso, y lo mismo hizo Nati Jota, que se excus\u00f3 aduciendo que &#8220;no decodific\u00f3 el momento chot\u2026 que se dio el viernes&#8221; en su ciclo.<\/p>\n\n\n\n<p><strong>QU\u00c9 HIZO LALI ESP\u00d3SITO RESPECTO A NATI JOTA TRAS EL PAPELON DE EIAL MOLDAVSKY<\/strong><\/p>\n\n\n\n<p>&#8220;No quisiera nunca que comentarios de esta \u00edndole sobre un encuentro \u00edntimo con una mujer, sea quien sea, vuelvan a pasar ni en mi programa ni delante de mis narices sin intervenir&#8221;, asegur\u00f3 en un posteo en Twitter\/ X Nati Jota.<\/p>\n\n\n\n<p>Ante los insistentes comentarios, y como para dejar sentado que est\u00e1 muy ofendida con Eial por sus infidencias, a pesar de que no la nombr\u00f3, Lali dej\u00f3 de seguir al hermano de Gaia Moldavsky en las redes sociales y luego tom\u00f3 otra determinaci\u00f3n contundente.<\/p>\n\n\n\n<p>&nbsp; &nbsp;&nbsp;<br><br>De esta manera, las fans de Lali, ofendid\u00edsimas con el ciclo de Nati Jota, contaron este mi\u00e9rcoles que la cantante tambi\u00e9n dej\u00f3 de seguir a la conductora en Instagram y de esta forma quit\u00f3 a ambos de ese selecto grupo de apenas 3000 personalidades.<\/p>\n","protected":false},"excerpt":{"rendered":"<p>Este fin de semana explotaron las redes sociales por un segmento de Olga TV en el que Eial Moldavsky presumi\u00f3 p\u00fablicamente de un t\u00f3rrido encuentro \u00edntimo con &#8220;una famosa clase&hellip; <\/p>\n","protected":false},"author":1,"featured_media":195099,"comment_status":"closed","ping_status":"open","sticky":false,"template":"","format":"standard","meta":{"footnotes":""},"categories":[19],"tags":[],"class_list":["post-195093","post","type-post","status-publish","format-standard","has-post-thumbnail","hentry","category-espectaculos"],"_links":{"self":[{"href":"https:\/\/corrientesdetarde.com\/index.php\/wp-json\/wp\/v2\/posts\/195093","targetHints":{"allow":["GET"]}}],"collection":[{"href":"https:\/\/corrientesdetarde.com\/index.php\/wp-json\/wp\/v2\/posts"}],"about":[{"href":"https:\/\/corrientesdetarde.com\/index.php\/wp-json\/wp\/v2\/types\/post"}],"author":[{"embeddable":true,"href":"https:\/\/corrientesdetarde.com\/index.php\/wp-json\/wp\/v2\/users\/1"}],"replies":[{"embeddable":true,"href":"https:\/\/corrientesdetarde.com\/index.php\/wp-json\/wp\/v2\/comments?post=195093"}],"version-history":[{"count":1,"href":"https:\/\/corrientesdetarde.com\/index.php\/wp-json\/wp\/v2\/posts\/195093\/revisions"}],"predecessor-version":[{"id":195100,"href":"https:\/\/corrientesdetarde.com\/index.php\/wp-json\/wp\/v2\/posts\/195093\/revisions\/195100"}],"wp:featuredmedia":[{"embeddable":true,"href":"https:\/\/corrientesdetarde.com\/index.php\/wp-json\/wp\/v2\/media\/195099"}],"wp:attachment":[{"href":"https:\/\/corrientesdetarde.com\/index.php\/wp-json\/wp\/v2\/media?parent=195093"}],"wp:term":[{"taxonomy":"category","embeddable":true,"href":"https:\/\/corrientesdetarde.com\/index.php\/wp-json\/wp\/v2\/categories?post=195093"},{"taxonomy":"post_tag","embeddable":true,"href":"https:\/\/corrientesdetarde.com\/index.php\/wp-json\/wp\/v2\/tags?post=195093"}],"curies":[{"name":"wp","href":"https:\/\/api.w.org\/{rel}","templated":true}]}}