{"id":195094,"date":"2025-03-07T08:26:45","date_gmt":"2025-03-07T11:26:45","guid":{"rendered":"https:\/\/corrientesdetarde.com\/?p=195094"},"modified":"2025-03-07T08:26:49","modified_gmt":"2025-03-07T11:26:49","slug":"la-cnrt-labro-aqui-256-actas-de-infraccion-a-camiones-y-micros","status":"publish","type":"post","link":"https:\/\/corrientesdetarde.com\/index.php\/informacion-general\/la-cnrt-labro-aqui-256-actas-de-infraccion-a-camiones-y-micros\/","title":{"rendered":"La CNRT labr\u00f3 aqu\u00ed 256 actas de infracci\u00f3n a camiones y micros"},"content":{"rendered":"\n<p>La Comisi\u00f3n Nacional de Regulaci\u00f3n del Transporte (CNRT) inform\u00f3 ayer que entre enero y febrero sus inspectores realizaron 19.682 controles en las rutas correntinas.<\/p>\n\n\n\n<p>Siempre de acuerdo con lo precisado, del total de las acciones concretadas, 17.420 (88,5%) fueron fiscalizaciones hechas en unidades del transporte de cargas y 2.262 (11,5%) a micros que transportaban pasajeros.<\/p>\n\n\n\n<p>En ese sentido, como resultante de esas labores, se emitieron 256 actas de infracci\u00f3n y se retuvieron 73 veh\u00edculos. Los motivos principales fueron la falta de documentaci\u00f3n, tanto del conductor profesional como de la habilitaci\u00f3n del veh\u00edculo, y falencias en el estado general del rodado que imped\u00edan la normal circulaci\u00f3n.<\/p>\n\n\n\n<p>Estos \u00edndices acompa\u00f1an los resultados del 2024, ciclo en el que Corrientes fue la tercera provincia del pa\u00eds con m\u00e1s cantidad de controles desarrollados por parte del organismo nacional (60.403 inspecciones).<\/p>\n\n\n\n<p>Desde la Delegaci\u00f3n local de la CNRT remarcaron para la temporada de verano, se reforzaron los controles viales con el objetivo de cuidar a los pasajeros y conductores que transitan por las rutas del pa\u00eds.<\/p>\n\n\n\n<p>Los controles de la CNRT, dependiente de la Secretar\u00eda de Transporte del Ministerio de Econom\u00eda, se distribuyen de forma estrat\u00e9gica en todo el pa\u00eds a trav\u00e9s de las delegaciones y bases operativas analizando puntualmente el desarrollo del transporte de pasajeros y de carga en las rutas.<\/p>\n\n\n\n<p>Dentro de esas acciones en terreno, los ejes a destacar se posicionan en la concientizaci\u00f3n sobre el uso obligatorio del cintur\u00f3n de seguridad en colectivos, el control de la velocidad a trav\u00e9s del tac\u00f3grafo y los testeos de alcoholemia de los choferes como la documentaci\u00f3n obligatoria, entre otros.<\/p>\n\n\n\n<p>A nivel pa\u00eds, durante 2024, la Comisi\u00f3n Nacional de Regulaci\u00f3n del Transporte realiz\u00f3 m\u00e1s de 1.133.602 controles en todo el pa\u00eds, abarcando el transporte de carga y de pasajeros. El promedio super\u00f3 los 3.400 controles por d\u00eda, seg\u00fan informaron desde el organismo.<\/p>\n\n\n\n<p>CNRT cuenta con 47 delegaciones, subdelegaciones y bases operativas en todo el pa\u00eds que controlan, en puntos estrat\u00e9gicos y lugares tur\u00edsticos de alta concurrencia, el transporte terrestre de pasajeros y de cargas Para consultas o denuncias, los usuarios pueden ingresar en www.control.cnrt.gob.ar o llamar al 0800-333-0300.<\/p>\n\n\n\n<figure class=\"wp-block-embed is-type-video is-provider-youtube wp-block-embed-youtube wp-embed-aspect-16-9 wp-has-aspect-ratio\"><div class=\"wp-block-embed__wrapper\">\n<iframe loading=\"lazy\" title=\"C\u00f3mo es la fiscalizaci\u00f3n de la CNRT a los micros de viaje de egresados\" width=\"1110\" height=\"624\" src=\"https:\/\/www.youtube.com\/embed\/VuzhTB3i5xI?feature=oembed\" frameborder=\"0\" allow=\"accelerometer; autoplay; clipboard-write; encrypted-media; gyroscope; picture-in-picture; web-share\" referrerpolicy=\"strict-origin-when-cross-origin\" allowfullscreen><\/iframe>\n<\/div><\/figure>\n\n\n\n<p>Sus objetivos son instrumentar los mecanismos necesarios para garantizar la fiscalizaci\u00f3n y el control de la operaci\u00f3n del sistema de transporte automotor y ferroviario, de pasajeros y carga de Jurisdicci\u00f3n Nacional, con el objetivo de garantizar la adecuada protecci\u00f3n de los derechos de los usuarios y promover la competitividad de los mercados.<\/p>\n\n\n\n<p>Adem\u00e1s, ejercer el poder de polic\u00eda en materia de transporte de su competencia controlando el cumplimiento efectivo de las leyes, decretos y reglamentaciones vigentes, as\u00ed como la ejecuci\u00f3n de los contratos de concesi\u00f3n; y fiscalizar la actividad realizada por los operadores de transporte.<\/p>\n\n\n\n<h2 class=\"wp-block-heading\">Cambios en el estacionamiento en la costanera<\/h2>\n\n\n\n<p>La administraci\u00f3n capitalina confirm\u00f3 que, por segunda semana consecutiva, contin\u00faa con la prueba piloto que modifica la manera de estacionar sobre un tramo de la Costanera General San Mart\u00edn. Es as\u00ed que sobre la avenida, desde Padre Borgatti hasta Edison, hasta este domingo no se podr\u00e1 estacionar sobre las m\u00e1rgenes del r\u00edo, sino que los conductores tendr\u00e1n que hacerlo sobre los parterres, a 45 grados como es habitual.<\/p>\n\n\n\n<p>Al respecto, el subsecretario de Tr\u00e1nsito y Seguridad Vial del Municipio, Juan Acinas, record\u00f3: &#8220;Estamos desplegando esta segunda semana de prueba con este plan piloto que modifica el estacionamiento del lugar tradicional, a la derecha, para que los veh\u00edculos pasen a estacionarse a la izquierda, siempre manteniendo en 45 grados y sobre el parterre central; esto es solamente la calzada que da a la ribera&#8221;.<\/p>\n\n\n\n<p>Acinas se\u00f1al\u00f3 que esta modificaci\u00f3n se implementa hoy de 15 a 23 y la novedad tiene que ver con extender la prueba piloto al fin de semana. &#8220;Este s\u00e1bado, que es un nuevo d\u00eda que estamos implementando, vamos a comenzar a las 15 y de forma ininterrumpida hasta las 22 del domingo&#8221;, precis\u00f3.<\/p>\n\n\n\n<p>El funcionario tambi\u00e9n mencion\u00f3 que al aplicarse esta medida cuentan con personal de tr\u00e1nsito que informa a los conductores en dichos horarios, adem\u00e1s de aportar se\u00f1al\u00e9tica de conos. &#8220;Tambi\u00e9n a la gente que viene y se estaciona por las ma\u00f1anas ya se le avisa cu\u00e1l es el horario l\u00edmite en el que pueden estar&#8221;.<\/p>\n","protected":false},"excerpt":{"rendered":"<p>La Comisi\u00f3n Nacional de Regulaci\u00f3n del Transporte (CNRT) inform\u00f3 ayer que entre enero y febrero sus inspectores realizaron 19.682 controles en las rutas correntinas. Siempre de acuerdo con lo precisado,&hellip; <\/p>\n","protected":false},"author":1,"featured_media":195097,"comment_status":"closed","ping_status":"open","sticky":false,"template":"","format":"standard","meta":{"footnotes":""},"categories":[1],"tags":[],"class_list":["post-195094","post","type-post","status-publish","format-standard","has-post-thumbnail","hentry","category-informacion-general"],"_links":{"self":[{"href":"https:\/\/corrientesdetarde.com\/index.php\/wp-json\/wp\/v2\/posts\/195094","targetHints":{"allow":["GET"]}}],"collection":[{"href":"https:\/\/corrientesdetarde.com\/index.php\/wp-json\/wp\/v2\/posts"}],"about":[{"href":"https:\/\/corrientesdetarde.com\/index.php\/wp-json\/wp\/v2\/types\/post"}],"author":[{"embeddable":true,"href":"https:\/\/corrientesdetarde.com\/index.php\/wp-json\/wp\/v2\/users\/1"}],"replies":[{"embeddable":true,"href":"https:\/\/corrientesdetarde.com\/index.php\/wp-json\/wp\/v2\/comments?post=195094"}],"version-history":[{"count":1,"href":"https:\/\/corrientesdetarde.com\/index.php\/wp-json\/wp\/v2\/posts\/195094\/revisions"}],"predecessor-version":[{"id":195098,"href":"https:\/\/corrientesdetarde.com\/index.php\/wp-json\/wp\/v2\/posts\/195094\/revisions\/195098"}],"wp:featuredmedia":[{"embeddable":true,"href":"https:\/\/corrientesdetarde.com\/index.php\/wp-json\/wp\/v2\/media\/195097"}],"wp:attachment":[{"href":"https:\/\/corrientesdetarde.com\/index.php\/wp-json\/wp\/v2\/media?parent=195094"}],"wp:term":[{"taxonomy":"category","embeddable":true,"href":"https:\/\/corrientesdetarde.com\/index.php\/wp-json\/wp\/v2\/categories?post=195094"},{"taxonomy":"post_tag","embeddable":true,"href":"https:\/\/corrientesdetarde.com\/index.php\/wp-json\/wp\/v2\/tags?post=195094"}],"curies":[{"name":"wp","href":"https:\/\/api.w.org\/{rel}","templated":true}]}}