{"id":195146,"date":"2025-03-07T08:58:44","date_gmt":"2025-03-07T11:58:44","guid":{"rendered":"https:\/\/corrientesdetarde.com\/?p=195146"},"modified":"2025-03-07T14:27:58","modified_gmt":"2025-03-07T17:27:58","slug":"gustavo-valdes-sobre-el-aumento-salarial-en-breve-estamos-terminando-todo-y-vamos-a-dar-a-conocer","status":"publish","type":"post","link":"https:\/\/corrientesdetarde.com\/index.php\/locales\/gustavo-valdes-sobre-el-aumento-salarial-en-breve-estamos-terminando-todo-y-vamos-a-dar-a-conocer\/","title":{"rendered":"Gustavo Vald\u00e9s sobre el aumento salarial: &#8220;en breve estamos terminando todo y vamos a dar a conocer&#8221;"},"content":{"rendered":"\n<p>El primer mandatario provincial, expuso: &#8220;con un homenaje a algunas de las mujeres que hacen grande a la provincia de Corrientes, cuando analizamos la labor silenciosa pero enorme, nos damos cuenta de la grandeza que tiene la mujer y tambi\u00e9n tiene que servir para reflexionar y seguir poniendo a la mujer en el lugar que le corresponde, que es inmenso&#8221;; y manifest\u00f3: &#8220;muchas de las mujeres que gobiernan a la provincia de Corrientes, que est\u00e1n en la C\u00e1mara de Diputados y Senadores de la provincia, en la C\u00e1mara de Diputados y Senadores de la Naci\u00f3n, un gran gusto poder compartir y enorme alegr\u00eda poder hacerles un homenaje&#8221;.<\/p>\n\n\n\n<p>&#8220;En cada una de las \u00e1reas del gobierno hay una mujer trabajando&#8221; remarc\u00f3 Vald\u00e9s.<\/p>\n\n\n\n<p>Asimismo, sobre los n\u00fameros positivos que arroj\u00f3 el movimiento tur\u00edstico en la provincia, el Gobernador, expres\u00f3: &#8220;todav\u00eda no tuve los n\u00fameros finales, pero todo lo que fue enero, febrero fue un gran a\u00f1o para la provincia de Corrientes, donde vimos hoteles, gastronom\u00eda muy movidos. Vimos que Corrientes se mueve, que es una gran industria el turismo y se mueve la industria cultural&#8221;; y se\u00f1al\u00f3: &#8220;tambi\u00e9n con las playas, con los senderos de los Esteros del Iber\u00e1, algunos que creen que la ven, realmente no la ven, todo lo que se movi\u00f3 Corrientes fue increible&#8221;.<\/p>\n\n\n\n<p>Al mismo tiempo, Gustavo Vald\u00e9s, afirm\u00f3: &#8220;hicimos inversiones y con eso vinieron inversiones mucho m\u00e1s grandes, en los hoteles hab\u00eda gente de Tucum\u00e1n, Jujuy, Salta, que ven\u00edan a disfrutar del carnaval, y tenemos que seguir explotando todas las \u00e1reas que tenemos&#8221;; y destac\u00f3: &#8220;quedan admirados de todo lo que hacen los correntinos en materia de turismo&#8221;.<\/p>\n\n\n\n<p>A su vez, el Gobernador sobre los incendios, indic\u00f3: &#8220;hubo detenciones por manejo irresponsable de algunas personas con el fuego, por parte de los Bomberos Voluntarios que hacen un trabajo incansable, muy contento de poder contar con ellos, y apelamos a la solidaridad de la gente que no prendan fuego&#8221;; y enfatiz\u00f3: &#8220;estamos poniendo en conocimiento de la justicia esas conductas irresponsables&#8221;.<\/p>\n\n\n\n<p>En otro sentido, sobre el anuncio de aumento salarial para la administraci\u00f3n p\u00fablica, Gustavo Vald\u00e9s, se\u00f1al\u00f3: &#8220;en breve estamos terminando todo y vamos a dar a conocer&#8221;.<\/p>\n","protected":false},"excerpt":{"rendered":"<p>El primer mandatario provincial, expuso: &#8220;con un homenaje a algunas de las mujeres que hacen grande a la provincia de Corrientes, cuando analizamos la labor silenciosa pero enorme, nos damos&hellip; <\/p>\n","protected":false},"author":1,"featured_media":178007,"comment_status":"closed","ping_status":"open","sticky":false,"template":"","format":"standard","meta":{"footnotes":""},"categories":[20,8],"tags":[],"class_list":["post-195146","post","type-post","status-publish","format-standard","has-post-thumbnail","hentry","category-economia","category-locales"],"_links":{"self":[{"href":"https:\/\/corrientesdetarde.com\/index.php\/wp-json\/wp\/v2\/posts\/195146","targetHints":{"allow":["GET"]}}],"collection":[{"href":"https:\/\/corrientesdetarde.com\/index.php\/wp-json\/wp\/v2\/posts"}],"about":[{"href":"https:\/\/corrientesdetarde.com\/index.php\/wp-json\/wp\/v2\/types\/post"}],"author":[{"embeddable":true,"href":"https:\/\/corrientesdetarde.com\/index.php\/wp-json\/wp\/v2\/users\/1"}],"replies":[{"embeddable":true,"href":"https:\/\/corrientesdetarde.com\/index.php\/wp-json\/wp\/v2\/comments?post=195146"}],"version-history":[{"count":1,"href":"https:\/\/corrientesdetarde.com\/index.php\/wp-json\/wp\/v2\/posts\/195146\/revisions"}],"predecessor-version":[{"id":195149,"href":"https:\/\/corrientesdetarde.com\/index.php\/wp-json\/wp\/v2\/posts\/195146\/revisions\/195149"}],"wp:featuredmedia":[{"embeddable":true,"href":"https:\/\/corrientesdetarde.com\/index.php\/wp-json\/wp\/v2\/media\/178007"}],"wp:attachment":[{"href":"https:\/\/corrientesdetarde.com\/index.php\/wp-json\/wp\/v2\/media?parent=195146"}],"wp:term":[{"taxonomy":"category","embeddable":true,"href":"https:\/\/corrientesdetarde.com\/index.php\/wp-json\/wp\/v2\/categories?post=195146"},{"taxonomy":"post_tag","embeddable":true,"href":"https:\/\/corrientesdetarde.com\/index.php\/wp-json\/wp\/v2\/tags?post=195146"}],"curies":[{"name":"wp","href":"https:\/\/api.w.org\/{rel}","templated":true}]}}