{"id":195155,"date":"2025-03-07T16:04:20","date_gmt":"2025-03-07T19:04:20","guid":{"rendered":"https:\/\/corrientesdetarde.com\/?p=195155"},"modified":"2025-03-07T16:04:24","modified_gmt":"2025-03-07T19:04:24","slug":"el-vera-itinerante-inicia-en-bella-vista-con-capacitaciones-el-15-y-16-de-marzo","status":"publish","type":"post","link":"https:\/\/corrientesdetarde.com\/index.php\/informacion-general\/el-vera-itinerante-inicia-en-bella-vista-con-capacitaciones-el-15-y-16-de-marzo\/","title":{"rendered":"El Vera Itinerante inicia en Bella Vista con capacitaciones el 15 y 16 de marzo"},"content":{"rendered":"\n<p>Dependiente del Instituto de Cultura y con el apoyo del Gobierno de la Provincia, el Teatro Oficial Juan de Vera dar\u00e1 comienzo al programa \u201cEl Vera Itinerante\u201d en Bella Vista, con talleres a cargo de Antonella Albertosi, Gabriela Ceballos Bertero y Marcelo P\u00e9ndola, todas de car\u00e1cter libre y gratuito, con inscripci\u00f3n previa.<\/p>\n\n\n\n<p><\/p>\n\n\n\n<p>La Direcci\u00f3n del Teatro Juan de Vera, a cargo de Lourdes S\u00e1nchez, anunci\u00f3, este viernes, el desarrollo desde este mes de marzo, del programa \u201cEl Vera Itinerante\u201d, ideado para brindar herramientas de capacitaci\u00f3n y profesionalizaci\u00f3n para el sector cultural en Bella Vista, Goya, Ituzaing\u00f3, Monte Caseros, Curuz\u00fa Cuatia, Santo Tom\u00e9, Concepci\u00f3n, Colonia Carlos Pellegrini y Paso de los Libres.<\/p>\n\n\n\n<p>En conferencia de prensa, junto a la presidente del Instituto de Cultura, Beatriz Kunin, y Luc\u00eda Toledo, productora del programa, Lourdes Sanchez explic\u00f3 que \u201cel principal objetivo de este programa es llevar el teatro al interior de la provincia, acercarnos para todos aquellos que no tienen la posibilidad de venir, estudiar y capacitarse tengan herramientas para profesionalizar el sector cultural. En paralelo, se encuentra en etapa de relevamiento el programa \u201cLos Hermanos del Vera\u201d, que apunta a refaccionar o dotar de equipamiento a las salas y teatros del interior, con gran apoyo y compromiso del gobierno de Corrientes\u201d<\/p>\n\n\n\n<p>Por su parte, Beatriz Kunin expres\u00f3 que \u201ceste compromiso del teatro con el interior de la provincia es parte de la misi\u00f3n que tenemos los organismos p\u00fablicos al plantear propuesta descentralizadas, por lo que este programa que va a llevar capacitaciones para nuestra gente del interior es fundamental para el Instituto de Cultura\u201d.<\/p>\n\n\n\n<p>Mientras avanzan las obras de puesta a punto del coliseo correntino a buen ritmo, \u201cEl Vera Itinerante\u201d ser\u00e1 la primera acci\u00f3n formal que se desarrollar\u00e1 desde el Teatro Vera hacia las localidades mencionadas, en contacto directo con los actores del sector cultural del territorio provincial, con el objetivo de identificar, reconocer y brindar herramientas para la profesionalizaci\u00f3n de quienes se desempe\u00f1an en el \u00e1mbito de la cultura.<\/p>\n\n\n\n<p>La primera parada del programa \u201cEl Vera Itinerante\u201d se concretar\u00e1 mediante la articulaci\u00f3n desde la Direcci\u00f3n del Teatro Vera, en la persona de Lourdes S\u00e1nchez, con la actual intendente de Bella Vista, Noelia Bazzi y el director de Cultura de Bella Vista, Gabriel Mazzoleni.<\/p>\n\n\n\n<p>Capacitaciones<\/p>\n\n\n\n<p>El inicio del programa ser\u00e1 en Bella Vista los d\u00edas s\u00e1bado 15 y domingo 16 de marzo, con actividades taller\u00edsticas y de capacitaci\u00f3n, de acceso gratuito y con inscripci\u00f3n previa y entrega de certificados.<\/p>\n\n\n\n<p>Las personas interesadas en participar deber\u00e1n inscribirse previamente enviando un correo electr\u00f3nico a&nbsp;<a href=\"mailto:capacitaciones@teatrovera.com\" target=\"_blank\" rel=\"noreferrer noopener\">capacitaciones@teatrovera.com<\/a>, indicando en Asunto, el nombre del taller, y en el mail, sus datos personales: Nombre, apellido y DNI.<\/p>\n\n\n\n<p>Oferta de capacitaciones<\/p>\n\n\n\n<p>Seminario de danza contempor\u00e1nea<\/p>\n\n\n\n<p>Entrenamiento, t\u00e9cnica, composici\u00f3n instant\u00e1nea. Con abordaje en movimientos t\u00e9cnicos del lenguaje contempor\u00e1neo secuenciados en coreograf\u00edas y exploraci\u00f3n sobre recursos compositivos para la improvisaci\u00f3n.<\/p>\n\n\n\n<p>Ser\u00e1 dictado por Antonella Albertosi el s\u00e1bado 15 desde las 17 hs y el domingo 16 desde las 9 hs en la Casa de la Cultura \u201cPedro Mendoza\u201d, Salta 880, dirigido a j\u00f3venes y adolescentes con conocimientos en danza.<\/p>\n\n\n\n<p>Laboratorio de improvisaci\u00f3n en danza<\/p>\n\n\n\n<p>Un laboratorio de danza que invita a la exploraci\u00f3n del movimiento en contexto grupal. A trav\u00e9s de propuestas din\u00e1micas se proponen nuevos caminos para el despliegue de la propia danza, tomando en cuenta al cuerpo como territorio de experimentaci\u00f3n. Improvisaciones guiadas ser\u00e1n apoyo para bucear en el imaginario y el movimiento expresivo de cada asistente. Composiciones instant\u00e1neas contextualizar\u00e1n la danza en un entramado colectivo<\/p>\n\n\n\n<p>Tambi\u00e9n dictado por Antonella Albertosi, tendr\u00e1 lugar el s\u00e1bado 15 de marzo desde las 20 hs en la Casa de la Cultura \u201cPedro Mendoza\u201d, Salta 880, dirigido a j\u00f3venes y adultos. No es necesario poseer conocimientos en danza. Sin l\u00edmite de edad. Todos los niveles<\/p>\n\n\n\n<p>T\u00e9cnica de Samba<\/p>\n\n\n\n<p>&nbsp;Se abordar\u00e1 la postura correcta del cuerpo, explicando el movimiento de base para samba, ejercicios de velocidad y combinaciones propias de samba no pe, adem\u00e1s de desplazamientos para carnaval.<\/p>\n\n\n\n<p>Dictado por Gabriela Ceballos Bertero, tendr\u00e1 lugar el s\u00e1bado 15 de marzo desde las 10 hs. en la Casa de la Cultura \u201cPedro Mendoza\u201d, Salta 880, destinado a todo p\u00fablico.<\/p>\n\n\n\n<p>Taller de estructuras para carnaval<\/p>\n\n\n\n<p>El curso se desarrollar\u00e1 desde la base de un dise\u00f1o, armado de las estructuras, forrado y decorados con muestras de lo \u00faltimo realizado para el carnaval correntino, entre otras cosas, el espaldar de Lourdes S\u00e1nchez<\/p>\n\n\n\n<p>A ser dictado por Marcelo P\u00e9ndola el s\u00e1bado 15 de marzo desde las 18 hs y el domingo 16 desde las 9 hs. en Sarah, Padre Kloster 1021, dirigido a trabajadores del arte afines al carnaval.<\/p>\n\n\n\n<p>+ Info<\/p>\n\n\n\n<p>Instagram | teatrojuandevera<\/p>\n","protected":false},"excerpt":{"rendered":"<p>Dependiente del Instituto de Cultura y con el apoyo del Gobierno de la Provincia, el Teatro Oficial Juan de Vera dar\u00e1 comienzo al programa \u201cEl Vera Itinerante\u201d en Bella Vista,&hellip; <\/p>\n","protected":false},"author":1,"featured_media":195156,"comment_status":"closed","ping_status":"open","sticky":false,"template":"","format":"standard","meta":{"footnotes":""},"categories":[1],"tags":[],"class_list":["post-195155","post","type-post","status-publish","format-standard","has-post-thumbnail","hentry","category-informacion-general"],"_links":{"self":[{"href":"https:\/\/corrientesdetarde.com\/index.php\/wp-json\/wp\/v2\/posts\/195155","targetHints":{"allow":["GET"]}}],"collection":[{"href":"https:\/\/corrientesdetarde.com\/index.php\/wp-json\/wp\/v2\/posts"}],"about":[{"href":"https:\/\/corrientesdetarde.com\/index.php\/wp-json\/wp\/v2\/types\/post"}],"author":[{"embeddable":true,"href":"https:\/\/corrientesdetarde.com\/index.php\/wp-json\/wp\/v2\/users\/1"}],"replies":[{"embeddable":true,"href":"https:\/\/corrientesdetarde.com\/index.php\/wp-json\/wp\/v2\/comments?post=195155"}],"version-history":[{"count":1,"href":"https:\/\/corrientesdetarde.com\/index.php\/wp-json\/wp\/v2\/posts\/195155\/revisions"}],"predecessor-version":[{"id":195157,"href":"https:\/\/corrientesdetarde.com\/index.php\/wp-json\/wp\/v2\/posts\/195155\/revisions\/195157"}],"wp:featuredmedia":[{"embeddable":true,"href":"https:\/\/corrientesdetarde.com\/index.php\/wp-json\/wp\/v2\/media\/195156"}],"wp:attachment":[{"href":"https:\/\/corrientesdetarde.com\/index.php\/wp-json\/wp\/v2\/media?parent=195155"}],"wp:term":[{"taxonomy":"category","embeddable":true,"href":"https:\/\/corrientesdetarde.com\/index.php\/wp-json\/wp\/v2\/categories?post=195155"},{"taxonomy":"post_tag","embeddable":true,"href":"https:\/\/corrientesdetarde.com\/index.php\/wp-json\/wp\/v2\/tags?post=195155"}],"curies":[{"name":"wp","href":"https:\/\/api.w.org\/{rel}","templated":true}]}}