{"id":195158,"date":"2025-03-07T17:30:23","date_gmt":"2025-03-07T20:30:23","guid":{"rendered":"https:\/\/corrientesdetarde.com\/?p=195158"},"modified":"2025-03-07T17:33:40","modified_gmt":"2025-03-07T20:33:40","slug":"el-gobierno-nacional-y-el-bonaerense-dejan-sus-diferencias-de-lado-por-la-catastrofe-en-bahia-blanca","status":"publish","type":"post","link":"https:\/\/corrientesdetarde.com\/index.php\/informacion-general\/el-gobierno-nacional-y-el-bonaerense-dejan-sus-diferencias-de-lado-por-la-catastrofe-en-bahia-blanca\/","title":{"rendered":"El Gobierno nacional y el bonaerense dejan sus diferencias de lado por la cat\u00e1strofe en Bah\u00eda Blanca"},"content":{"rendered":"\n<h2 class=\"wp-block-heading\"><br>El gobernador Kicillof asegur\u00f3 que \u201ccoordina\u201d con Naci\u00f3n la asistencia a los afectados por el in\u00e9dito temporal. En tanto, los ministros nacionales de Seguridad, Patricia Bullrich, y Defensa, Luis Petri, viajan a la zona del desastre.<\/h2>\n\n\n\n<p>(Corresponsal\u00eda Buenos Aires) Ante el evento climatol\u00f3gico extraordinario que azot\u00f3 la ciudad de Bah\u00eda Blanca, en la provincia de Buenos Aires, el gobierno bonaerense activ\u00f3 un protocolo de asistencia que incluye la cooperaci\u00f3n del Gobierno nacional en las tareas de ayuda y contenci\u00f3n a la poblaci\u00f3n bahiense.<\/p>\n\n\n\n<p>\u201cEstamos coordinando esfuerzos con el Gobierno nacional\u201d, expres\u00f3 el gobernador bonaerense Axel Kicillof desde la ciudad afectada por una lluvia in\u00e9dita en su historia: se estima que los mil\u00edmetros ca\u00eddos son entre 300 y 350 en apenas horas.<\/p>\n\n\n\n<p>\u201c<strong>La ciudad de Bah\u00eda Blanca recibe al a\u00f1o 600 mil\u00edmetros de agua y en cinco horas estamos teniendo m\u00e1s de 300 mil\u00edmetros. \u00a0Es un hecho que nunca sucedi\u00f3 en la ciudad: est\u00e1n cayendo en promedio 50 mil\u00edmetros por hora\u201d, sintetiz\u00f3 un periodista local.<\/strong> Una de las im\u00e1genes que trascendi\u00f3 a poco de comenzar el temporal, fue el del hospital provincial Penna cuya inundaci\u00f3n oblig\u00f3 a evacuar beb\u00e9s de su sala de neonatolog\u00eda (foto) sin luz en plena madrugada.<\/p>\n\n\n\n<p>Ante semejante emergencia, el gobierno bonaerense dispuso el env\u00edo de 44 efectivos especializados en rescate y seguridad siniestral, ocho agentes de Defensa Civil; ocho lanchas de rescate urbano, cinco botes semirr\u00edgidos, seis botes (uno con motor) y diez kayaks; tres camiones de carga con materiales y recursos operativos; 120 cuchetas; una carpa; dos drones para el reconocimiento barrial con c\u00e1maras infrarrojas; 17 camionetas; un minib\u00fas; una torre de iluminaci\u00f3n; un equipo de transferencia, y dos helic\u00f3pteros (en apresto en la zona). El ministro Javier Alonso se encuentra camino a la ciudad.<\/p>\n\n\n\n<p>Desde su Ministerio de Desarrollo de la Comunidad, Buenos Aires Benvi\u00f3 colchones, frazadas, kits de limpieza, zapatillas, ropa, alimentos secos, pallets de agua. Tambi\u00e9n activ\u00f3 la Mesa de Respuesta Comunitaria en la Emergencia y se realizar\u00e1n tareas de asistencia en los centros de evacuados.<br><br>El Ministerio de Salud, por su parte, envi\u00f3 ambulancias 4&#215;4, el comit\u00e9 de emergencias m\u00f3vil y una Unidad de Terapia Intensiva m\u00f3vil con todo el personal correspondiente. Se encuentra listo para salir el helic\u00f3ptero sanitario.<\/p>\n\n\n\n<p>El Ministerio de Ambiente envi\u00f3 gomones inflables, motosierras, podadoras y motoguada\u00f1as. Tambi\u00e9n ropa y elementos de seguridad para el personal que brinda asistencia: cascos con protecci\u00f3n auditiva, pares de borcegos, kit de ropa de trabajo, camisas, pantalones, pares de guantes moteados, lentes de protecci\u00f3n y chalecos reflectivos.<br>En tanto, Vialidad provincial tuvo que realizar cortes preventivos en las rutas nacional 3, provincial 65 y nacional 35 y puso a disposici\u00f3n diez camiones con chasis y un cami\u00f3n con acoplado, tres palas cargadoras, dos retropalas y una retroexcavadora.<br><br>Desde el Gobierno nacional, por su parte, el ministro de Defensa, Luis Petri, viaj\u00f3 a la ciudad bonaerense, mientras que la ministra de Seguridad, Patricia Bullrich, <strong>tiene planeado desembarcar en las pr\u00f3ximas hora<\/strong>s en el lugar para realizar un control de da\u00f1os tras las fuertes lluvias que convirtieron a Bah\u00eda Blanca en un escenario de cat\u00e1strofe.<\/p>\n\n\n\n<p>Pese a la tensi\u00f3n pol\u00edtica abierta entre el presidente Javier Milei y el gobernador Axel Kicillof, el jefe de Gabinete, Guillermo Francos, mantuvo contacto con el ministro de Gobierno bonaerense, <strong>Carlos Bianco, para avanzar en la coordinaci\u00f3n del env\u00edo de fuerzas federales y personal del Ejercito para asistir a la administraci\u00f3n municipal.<\/strong><\/p>\n","protected":false},"excerpt":{"rendered":"<p>El gobernador Kicillof asegur\u00f3 que \u201ccoordina\u201d con Naci\u00f3n la asistencia a los afectados por el in\u00e9dito temporal. En tanto, los ministros nacionales de Seguridad, Patricia Bullrich, y Defensa, Luis Petri,&hellip; <\/p>\n","protected":false},"author":11,"featured_media":195160,"comment_status":"closed","ping_status":"open","sticky":false,"template":"","format":"standard","meta":{"footnotes":""},"categories":[1,10],"tags":[2675,2674,2278,160,2677,2676,1724],"class_list":["post-195158","post","type-post","status-publish","format-standard","has-post-thumbnail","hentry","category-informacion-general","category-nacionales","tag-ayuda","tag-bahia-blanca","tag-gobierno-nacional","tag-kicillof","tag-lluvia-historica","tag-operativo","tag-temporal"],"_links":{"self":[{"href":"https:\/\/corrientesdetarde.com\/index.php\/wp-json\/wp\/v2\/posts\/195158","targetHints":{"allow":["GET"]}}],"collection":[{"href":"https:\/\/corrientesdetarde.com\/index.php\/wp-json\/wp\/v2\/posts"}],"about":[{"href":"https:\/\/corrientesdetarde.com\/index.php\/wp-json\/wp\/v2\/types\/post"}],"author":[{"embeddable":true,"href":"https:\/\/corrientesdetarde.com\/index.php\/wp-json\/wp\/v2\/users\/11"}],"replies":[{"embeddable":true,"href":"https:\/\/corrientesdetarde.com\/index.php\/wp-json\/wp\/v2\/comments?post=195158"}],"version-history":[{"count":2,"href":"https:\/\/corrientesdetarde.com\/index.php\/wp-json\/wp\/v2\/posts\/195158\/revisions"}],"predecessor-version":[{"id":195162,"href":"https:\/\/corrientesdetarde.com\/index.php\/wp-json\/wp\/v2\/posts\/195158\/revisions\/195162"}],"wp:featuredmedia":[{"embeddable":true,"href":"https:\/\/corrientesdetarde.com\/index.php\/wp-json\/wp\/v2\/media\/195160"}],"wp:attachment":[{"href":"https:\/\/corrientesdetarde.com\/index.php\/wp-json\/wp\/v2\/media?parent=195158"}],"wp:term":[{"taxonomy":"category","embeddable":true,"href":"https:\/\/corrientesdetarde.com\/index.php\/wp-json\/wp\/v2\/categories?post=195158"},{"taxonomy":"post_tag","embeddable":true,"href":"https:\/\/corrientesdetarde.com\/index.php\/wp-json\/wp\/v2\/tags?post=195158"}],"curies":[{"name":"wp","href":"https:\/\/api.w.org\/{rel}","templated":true}]}}