{"id":195177,"date":"2025-03-07T20:52:26","date_gmt":"2025-03-07T23:52:26","guid":{"rendered":"https:\/\/corrientesdetarde.com\/?p=195177"},"modified":"2025-03-07T20:52:38","modified_gmt":"2025-03-07T23:52:38","slug":"en-perugorria-valdes-entrego-10-viviendas-y-firmo-un-convenio-para-construir-otras-20","status":"publish","type":"post","link":"https:\/\/corrientesdetarde.com\/index.php\/actualidad\/en-perugorria-valdes-entrego-10-viviendas-y-firmo-un-convenio-para-construir-otras-20\/","title":{"rendered":"En Perugorria, Vald\u00e9s entreg\u00f3 10 viviendas y firm\u00f3 un convenio para construir otras 20"},"content":{"rendered":"\n<p>El gobernador Gustavo Vald\u00e9s, este viernes por la tarde, en Perugorria hizo entrega de 10 viviendas del Programa O\u00f1ondiv\u00e9, y rubric\u00f3 un convenio para la construcci\u00f3n de 20 m\u00e1s. Las mismas se brindan totalmente amobladas, y con electrodom\u00e9sticos. \u201cVenimos haciendo un gran trabajo con la Municipalidad y por eso acced\u00ed a hacer 20 hogares m\u00e1s por pedido y gesti\u00f3n del jefe Comunal Leiva\u201d, detall\u00f3 al respecto.<\/p>\n\n\n\n<p>Alrededor de las 18 de la tarde, el Gobernador Vald\u00e9s, junto a su comitiva, y acompa\u00f1ado del mandatario Municipal local Ubaldo Leiva, lleg\u00f3 al barrio Esperanza de Perugorria para entregar las flamantes casas a los adjudicatarios correspondientes.<\/p>\n\n\n\n<figure class=\"wp-block-image size-large\"><img loading=\"lazy\" decoding=\"async\" width=\"1024\" height=\"681\" src=\"https:\/\/corrientesdetarde.com\/wp-content\/uploads\/2025\/03\/image-236-1024x681.png\" alt=\"\" class=\"wp-image-195186\" srcset=\"https:\/\/corrientesdetarde.com\/wp-content\/uploads\/2025\/03\/image-236-1024x681.png 1024w, https:\/\/corrientesdetarde.com\/wp-content\/uploads\/2025\/03\/image-236-300x199.png 300w, https:\/\/corrientesdetarde.com\/wp-content\/uploads\/2025\/03\/image-236-768x510.png 768w, https:\/\/corrientesdetarde.com\/wp-content\/uploads\/2025\/03\/image-236.png 1345w\" sizes=\"auto, (max-width: 1024px) 100vw, 1024px\" \/><\/figure>\n\n\n\n<p>\u201cLlegar a una casa realmente es una satisfacci\u00f3n que la pueden describir solamente aquellos que est\u00e1n sintiendo esta emoci\u00f3n\u201d, expres\u00f3 Vald\u00e9s al tomar la palabra y al referirse a los recientemente adjudicatarios de las viviendas. Al respecto, cont\u00f3 que desde el INVICO \u201cestamos ejecutando pr\u00e1cticamente por mes unos aproximadamente seis mil millones de pesos provenientes recursos de la provincia de Corrientes\u201d, sin dejar de mencionar que \u201cel a\u00f1o pasado los n\u00fameros fueron dif\u00edciles, complejos, porque recibimos de Naci\u00f3n 800 millones de pesos y nosotros invertimos 22 mil millones en materia de viviendas, porque asumimos el compromiso de terminarlas\u201d.<\/p>\n\n\n\n<p>Record\u00f3 que \u201ccuando arrancamos con O\u00f1ondiv\u00e9, nos dec\u00edan que era imposible hacer un programa gestionando con los municipios, pero ten\u00edamos que resolver una demanda que pide nuestra poblaci\u00f3n y que es tener la posibilidad de tener una casa propia\u201d. Se\u00f1al\u00f3 que \u201choy una casa de estas que estamos haciendo con las comunas cuesta en materiales cerca de 30 millones de pesos, a lo que hay que agregar la parte del Ministerio de Desarrollo Social con unos 6 o 7 millones en muebles, ya que entregamos las viviendas con todo el equipamiento\u201d.<\/p>\n\n\n\n<figure class=\"wp-block-image size-large\"><img loading=\"lazy\" decoding=\"async\" width=\"1024\" height=\"670\" src=\"https:\/\/corrientesdetarde.com\/wp-content\/uploads\/2025\/03\/image-235-1024x670.png\" alt=\"\" class=\"wp-image-195185\" srcset=\"https:\/\/corrientesdetarde.com\/wp-content\/uploads\/2025\/03\/image-235-1024x670.png 1024w, https:\/\/corrientesdetarde.com\/wp-content\/uploads\/2025\/03\/image-235-300x196.png 300w, https:\/\/corrientesdetarde.com\/wp-content\/uploads\/2025\/03\/image-235-768x503.png 768w, https:\/\/corrientesdetarde.com\/wp-content\/uploads\/2025\/03\/image-235.png 1364w\" sizes=\"auto, (max-width: 1024px) 100vw, 1024px\" \/><\/figure>\n\n\n\n<p>El Gobernador remarc\u00f3 as\u00ed que \u201cvenimos haciendo un gran trabajo con la Municipalidad y por eso acced\u00ed a hacer 20 viviendas m\u00e1s por pedido y gesti\u00f3n del jefe Comunal Leiva, as\u00ed que vamos a estar acompa\u00f1ando la demanda, de manera que podamos aportar para que Perugorria siga creciendo\u201d.<\/p>\n\n\n\n<p>La bendici\u00f3n de las carpetas y llaves estuvo a cargo del diacono Juan Batalla.<\/p>\n\n\n\n<p>Adem\u00e1s, la adjudicataria Maximina Valenzuela brind\u00f3 unas palabras emotivas.<\/p>\n\n\n\n<p>Finalizado el discurso del Gobernador, realiz\u00f3 la entrega de llaves y carpetas. Seguidamente, efectu\u00f3 el corte de cintas para dejar oficialmente inauguradas las viviendas, y recorri\u00f3 el interior de una.<\/p>\n\n\n\n<figure class=\"wp-block-image size-large\"><img loading=\"lazy\" decoding=\"async\" width=\"1024\" height=\"671\" src=\"https:\/\/corrientesdetarde.com\/wp-content\/uploads\/2025\/03\/image-234-1024x671.png\" alt=\"\" class=\"wp-image-195184\" srcset=\"https:\/\/corrientesdetarde.com\/wp-content\/uploads\/2025\/03\/image-234-1024x671.png 1024w, https:\/\/corrientesdetarde.com\/wp-content\/uploads\/2025\/03\/image-234-300x196.png 300w, https:\/\/corrientesdetarde.com\/wp-content\/uploads\/2025\/03\/image-234-768x503.png 768w, https:\/\/corrientesdetarde.com\/wp-content\/uploads\/2025\/03\/image-234.png 1362w\" sizes=\"auto, (max-width: 1024px) 100vw, 1024px\" \/><\/figure>\n\n\n\n<p><strong>Decisi\u00f3n pol\u00edtica y trabajo articulado<\/strong><\/p>\n\n\n\n<p>Al tomar la palabra, el ministro de Desarrollo Social, Ad\u00e1n Gaya, record\u00f3 que desde su cartera recorren todas las Municipalidades entregando casas amobladas con el fin de apalear la demanda habitacional de la provincia.<\/p>\n\n\n\n<p>\u201cLlevamos un trabajo de abordaje territorial, con el equipo del Ministerios y juntos a las familias\u201d, sostuvo Gaya, y destac\u00f3 que \u201cla decisi\u00f3n es del Gobernador Vald\u00e9s\u201d.<\/p>\n\n\n\n<p>Por su parte, el interventor del INVICO, Lizardo Gonz\u00e1lez, resalt\u00f3 que mediante el Programa O\u00f1ondiv\u00e9 se hizo entrega de 10 viviendas que \u201cfueron una decisi\u00f3n del Gobernador Vald\u00e9s, en apostar a resolver la demanda habitacional de todos los municipios\u201d.<\/p>\n\n\n\n<p>\u201cEn este caso son 10 viviendas del segundo m\u00f3dulo, y construiremos 20 m\u00e1s, en total ser\u00e1n 40 viviendas\u201d, resalt\u00f3 el funcionario Provincial.<\/p>\n\n\n\n<p>Por \u00faltimo, el Interventor agradeci\u00f3 a los trabajadores del INVICO, como a los de la Municipalidad, y al Ministerio de Desarrollo Social por el acompa\u00f1amiento.<\/p>\n\n\n\n<p>Asimismo, el jefe Comunal de Perugorria, Ubaldo Leiva, sostuvo agradeci\u00f3 \u201cel enorme acompa\u00f1amiento\u201d del gobernador Gustavo Vald\u00e9s que \u201csiempre nos apoya\u201d, y dirigi\u00e9ndose a los adjudicatarios le dijo: \u201custedes tienen su vivienda gracias y mediante a \u00e9l\u201d.<\/p>\n\n\n\n<p><strong>O\u00f1ondiv\u00e9<\/strong><\/p>\n\n\n\n<p>El Plan Provincial de&nbsp;O\u00f1ondiv\u00e9se administra y gestiona a trav\u00e9s del Instituto de Vivienda de Corrientes en coordinaci\u00f3n con los Municipios. Quienes aportan terrenos de su propiedad, dotados de infraestructura b\u00e1sica y aseguran la provisi\u00f3n de mano de obra para la ejecuci\u00f3n de los m\u00f3dulos b\u00e1sicos.<\/p>\n\n\n\n<p>Dicho programa da una&nbsp;respuesta inmediata&nbsp;a una carencia de instalaciones sanitarias adecuadas y seguras, viviendas construidas con materiales precarios o inadecuados, agravado todo esto por el hecho de que estas situaciones se dan con la ocupaci\u00f3n irregular de predios no aptos ambientalmente.<\/p>\n\n\n\n<p>De esta manera el Gobierno Provincial concreta paso a paso las pol\u00edticas p\u00fablicas propuestas por esta gesti\u00f3n. Consecuente con la concepci\u00f3n de la obra p\u00fablica aplicada al mejoramiento del h\u00e1bitat, la sostenida presencia del gobierno en cada una de las localidades la provincia, compone junto a INVICO, la respuesta que demanda la ciudadan\u00eda en materia de vivienda y equipamiento comunitario.<\/p>\n\n\n\n<p>El Ministerio de Desarrollo Social se encarga de que las viviendas est\u00e9n amobladas, con muebles de madera correntinas, y con electrodom\u00e9sticos fundamentales para el hogar.<\/p>\n\n\n\n<p><strong>Convenio<\/strong><\/p>\n\n\n\n<p>Gobierno de la Provincia de Corrientes y la Municipalidad de Perugorria, rubricaron un convenio para la construcci\u00f3n de 20 m\u00f3dulos habitacionales por un monto de 488 millones de pesos. Firmaron el interventor Lizardo Gonz\u00e1lez, por el Municipio, hizo lo propio intendente Ubaldo Leiva, y por el Gobierno de la Provincia de Corrientes, el mandatario Gustavo Adolfo Vald\u00e9s.<\/p>\n\n\n\n<p><strong>Presencia<\/strong><\/p>\n\n\n\n<p>Acompa\u00f1aron al Gobernador Gustavo Vald\u00e9s; el viceintendente a cargo de Perugorria, es Ubaldo Ram\u00f3n Leiva; los ministros del Ejecutivo Provincial de Desarrollo Social, Ad\u00e1n Gaya; de Coordinaci\u00f3n y Planificaci\u00f3n, Miguel Olivieri; de Salud P\u00fablica, Ricardo Cardozo; de Turismo, Alejandra Eliciri; legisladores nacionales y provinciales; el presidente primero de la C\u00e1mara de Senadores de la Provincia, Henry Finck, el interventor de INVICO, Lizardo Gonz\u00e1lez; secretarios y subsecretarios provinciales y municipales; intendentes de localidades vecinas, concejales, adjudicatarios, vecinos, y dem\u00e1s autoridades presentes.<\/p>\n","protected":false},"excerpt":{"rendered":"<p>El gobernador Gustavo Vald\u00e9s, este viernes por la tarde, en Perugorria hizo entrega de 10 viviendas del Programa O\u00f1ondiv\u00e9, y rubric\u00f3 un convenio para la construcci\u00f3n de 20 m\u00e1s. Las&hellip; <\/p>\n","protected":false},"author":4,"featured_media":195187,"comment_status":"closed","ping_status":"open","sticky":false,"template":"","format":"standard","meta":{"footnotes":""},"categories":[23],"tags":[],"class_list":["post-195177","post","type-post","status-publish","format-standard","has-post-thumbnail","hentry","category-actualidad"],"_links":{"self":[{"href":"https:\/\/corrientesdetarde.com\/index.php\/wp-json\/wp\/v2\/posts\/195177","targetHints":{"allow":["GET"]}}],"collection":[{"href":"https:\/\/corrientesdetarde.com\/index.php\/wp-json\/wp\/v2\/posts"}],"about":[{"href":"https:\/\/corrientesdetarde.com\/index.php\/wp-json\/wp\/v2\/types\/post"}],"author":[{"embeddable":true,"href":"https:\/\/corrientesdetarde.com\/index.php\/wp-json\/wp\/v2\/users\/4"}],"replies":[{"embeddable":true,"href":"https:\/\/corrientesdetarde.com\/index.php\/wp-json\/wp\/v2\/comments?post=195177"}],"version-history":[{"count":1,"href":"https:\/\/corrientesdetarde.com\/index.php\/wp-json\/wp\/v2\/posts\/195177\/revisions"}],"predecessor-version":[{"id":195188,"href":"https:\/\/corrientesdetarde.com\/index.php\/wp-json\/wp\/v2\/posts\/195177\/revisions\/195188"}],"wp:featuredmedia":[{"embeddable":true,"href":"https:\/\/corrientesdetarde.com\/index.php\/wp-json\/wp\/v2\/media\/195187"}],"wp:attachment":[{"href":"https:\/\/corrientesdetarde.com\/index.php\/wp-json\/wp\/v2\/media?parent=195177"}],"wp:term":[{"taxonomy":"category","embeddable":true,"href":"https:\/\/corrientesdetarde.com\/index.php\/wp-json\/wp\/v2\/categories?post=195177"},{"taxonomy":"post_tag","embeddable":true,"href":"https:\/\/corrientesdetarde.com\/index.php\/wp-json\/wp\/v2\/tags?post=195177"}],"curies":[{"name":"wp","href":"https:\/\/api.w.org\/{rel}","templated":true}]}}