{"id":195178,"date":"2025-03-07T20:36:13","date_gmt":"2025-03-07T23:36:13","guid":{"rendered":"https:\/\/corrientesdetarde.com\/?p=195178"},"modified":"2025-03-07T20:36:17","modified_gmt":"2025-03-07T23:36:17","slug":"la-dpec-realizara-trabajos-de-mejoras-en-capital-y-el-interior-142","status":"publish","type":"post","link":"https:\/\/corrientesdetarde.com\/index.php\/destacados\/la-dpec-realizara-trabajos-de-mejoras-en-capital-y-el-interior-142\/","title":{"rendered":"La DPEC realizar\u00e1 trabajos de mejoras en Capital y el interior"},"content":{"rendered":"\n<p>La Direcci\u00f3n Provincial de Energ\u00eda de Corrientes (DPEC) informa que con motivo de realizar mejoras en el servicio, se ejecutar\u00e1n tareas de mantenimiento de L\u00edneas de Media Tensi\u00f3n (LMT), por lo cual se interrumpir\u00e1 el suministro de energ\u00eda el\u00e9ctrica en la ciudad&nbsp;Capital,&nbsp;este s\u00e1bado 08 de 07:00 a 10:00, en los barrios La Rosada, zona de calles San Lorenzo y 25 de Mayo; y de 10:00 a 12:00, en los barrios Ponce, Supermercado Impulso, Cuchermercados, y OCA.<\/p>\n\n\n\n<p>Adem\u00e1s, la DPEC ejecutar\u00e1 tareas de mantenimiento de L\u00edneas de Media Tensi\u00f3n (LMT), por lo cual se interrumpir\u00e1 el suministro de energ\u00eda el\u00e9ctrica en la localidad de&nbsp;Ber\u00f3n de Astrada y zonas de influencia, este s\u00e1bado 08 de 07:00 a 11:00.<\/p>\n\n\n\n<p>Tambi\u00e9n, se ejecutar\u00e1n tareas de mantenimiento de L\u00edneas de Media Tensi\u00f3n (LMT), por lo cual se interrumpir\u00e1 el suministro de energ\u00eda el\u00e9ctrica en la localidad de&nbsp;Virasoro,&nbsp;este s\u00e1bado 08 de 06:00 a 08:00, en zonas de Av. San Mart\u00edn, B\u00b0 Vuelta del Omb\u00fa.<\/p>\n\n\n\n<p>Asimismo, se ejecutar\u00e1n tareas de mantenimiento de L\u00edneas de Media Tensi\u00f3n (LMT), por lo cual se interrumpir\u00e1 el suministro de energ\u00eda el\u00e9ctrica en la localidad de&nbsp;Paso de los Libres,&nbsp;este lunes 10 de 06:30 a 08:30, por la zona comprendida entre las calles Pl\u00e1cido Mart\u00ednez y Col\u00f3n, intersecci\u00f3n con las calles Yatay y Adolfo Monta\u00f1a, y zonas de influencia.<\/p>\n","protected":false},"excerpt":{"rendered":"<p>La Direcci\u00f3n Provincial de Energ\u00eda de Corrientes (DPEC) informa que con motivo de realizar mejoras en el servicio, se ejecutar\u00e1n tareas de mantenimiento de L\u00edneas de Media Tensi\u00f3n (LMT), por&hellip; <\/p>\n","protected":false},"author":4,"featured_media":195182,"comment_status":"closed","ping_status":"open","sticky":false,"template":"","format":"standard","meta":{"footnotes":""},"categories":[26],"tags":[],"class_list":["post-195178","post","type-post","status-publish","format-standard","has-post-thumbnail","hentry","category-destacados"],"_links":{"self":[{"href":"https:\/\/corrientesdetarde.com\/index.php\/wp-json\/wp\/v2\/posts\/195178","targetHints":{"allow":["GET"]}}],"collection":[{"href":"https:\/\/corrientesdetarde.com\/index.php\/wp-json\/wp\/v2\/posts"}],"about":[{"href":"https:\/\/corrientesdetarde.com\/index.php\/wp-json\/wp\/v2\/types\/post"}],"author":[{"embeddable":true,"href":"https:\/\/corrientesdetarde.com\/index.php\/wp-json\/wp\/v2\/users\/4"}],"replies":[{"embeddable":true,"href":"https:\/\/corrientesdetarde.com\/index.php\/wp-json\/wp\/v2\/comments?post=195178"}],"version-history":[{"count":1,"href":"https:\/\/corrientesdetarde.com\/index.php\/wp-json\/wp\/v2\/posts\/195178\/revisions"}],"predecessor-version":[{"id":195183,"href":"https:\/\/corrientesdetarde.com\/index.php\/wp-json\/wp\/v2\/posts\/195178\/revisions\/195183"}],"wp:featuredmedia":[{"embeddable":true,"href":"https:\/\/corrientesdetarde.com\/index.php\/wp-json\/wp\/v2\/media\/195182"}],"wp:attachment":[{"href":"https:\/\/corrientesdetarde.com\/index.php\/wp-json\/wp\/v2\/media?parent=195178"}],"wp:term":[{"taxonomy":"category","embeddable":true,"href":"https:\/\/corrientesdetarde.com\/index.php\/wp-json\/wp\/v2\/categories?post=195178"},{"taxonomy":"post_tag","embeddable":true,"href":"https:\/\/corrientesdetarde.com\/index.php\/wp-json\/wp\/v2\/tags?post=195178"}],"curies":[{"name":"wp","href":"https:\/\/api.w.org\/{rel}","templated":true}]}}