{"id":195734,"date":"2025-03-10T20:37:47","date_gmt":"2025-03-10T23:37:47","guid":{"rendered":"https:\/\/corrientesdetarde.com\/?p=195734"},"modified":"2025-03-10T20:37:52","modified_gmt":"2025-03-10T23:37:52","slug":"despues-del-criptoescandalo-libra-milei-aparece-ahora-promocionando-a-una-universidad-privada","status":"publish","type":"post","link":"https:\/\/corrientesdetarde.com\/index.php\/politica\/despues-del-criptoescandalo-libra-milei-aparece-ahora-promocionando-a-una-universidad-privada\/","title":{"rendered":"Despu\u00e9s del criptoesc\u00e1ndalo $Libra, Milei aparece ahora promocionando a una universidad privada"},"content":{"rendered":"\n<h2 class=\"wp-block-heading\">Pertenece al padre de uno de sus diputados nacionales, &#8220;Bertie&#8221; Benegas Lynch.<\/h2>\n\n\n\n<p>(Corresponsal\u00eda Buenos Aires)Cuando todav\u00eda no se acallan -ni se aclaran- las derivaciones del criptoesc\u00e1ndalo por la meme coin $Libra, el presidente&nbsp;<strong>Javier Milei&nbsp;<\/strong>nuevamente se ubica en el centro de la pol\u00e9mica por el uso de su figura p\u00fablica para la promoci\u00f3n de una actividad privada que -encima- es de propiedad de un diputado nacional de su bancada.<\/p>\n\n\n\n<p>Se trata de la<strong>&nbsp;Beca Presidencia de la Naci\u00f3n,&nbsp;<\/strong>una iniciativa de la<strong>&nbsp;Escuela Superior de Econom\u00eda y Administraci\u00f3n de Empresas&nbsp;<\/strong>(Eseade), una&nbsp;<strong>universidad privada&nbsp;<\/strong>vinculada estrechamente con mentor<strong>&nbsp;Alberto Benegas Lynch, padre del diputado nacional libertario -y uno de los principales voceros ideol\u00f3gicos del oficialimo- Alberto \u201cBertie\u201d Benegas Lynch.<\/strong><\/p>\n\n\n\n<p><strong>Milei autoriz\u00f3 el uso de su imagen para promocionar esta beca. En el afiche aparece su<\/strong> figura con la banda presidencial. Lanzada en febrero -seg\u00fan public\u00f3 el diario P\u00e1gina 12-<strong>&nbsp;la beca tiene como objetivo cubrir el 100% de los aranceles para estudiantes de grado y posgrado<\/strong>&nbsp;interesados en cursar carreras alineadas con los principios del&nbsp;<strong>liberalismo econ\u00f3mico y la defensa de la propiedad privada<\/strong>, valores que Milei promueve desde el comienzo de su carrera pol\u00edtica.<\/p>\n\n\n\n<p>La campa\u00f1a fue impulsada por Eseade, que eligi\u00f3 nombrar a la&nbsp;<strong>beca \u201cPresidencia de la Naci\u00f3n\u201d&nbsp;<\/strong>en honor al presidente, destacando su relaci\u00f3n ideol\u00f3gica y profesional con la universidad.<\/p>\n\n\n\n<p>Aunque no fue Javier Milei quien lanz\u00f3 la campa\u00f1a, el respaldo institucional qued\u00f3 claro. La universidad coloc\u00f3 afiches en la v\u00eda p\u00fablica en diferentes puntos de Buenos Aires, destacando la imagen del presidente con los elementos de mando, junto al logo de la instituci\u00f3n y un c\u00f3digo QR para obtener m\u00e1s informaci\u00f3n. En estos carteles, se promocionaba una&nbsp;<strong>beca dirigida a estudiantes que buscan una educaci\u00f3n de &#8220;excelencia&#8221;<\/strong>,&nbsp;<strong>alineada con los valores impulsados por el presidente.<\/strong><\/p>\n","protected":false},"excerpt":{"rendered":"<p>Pertenece al padre de uno de sus diputados nacionales, &#8220;Bertie&#8221; Benegas Lynch. (Corresponsal\u00eda Buenos Aires)Cuando todav\u00eda no se acallan -ni se aclaran- las derivaciones del criptoesc\u00e1ndalo por la meme coin&hellip; <\/p>\n","protected":false},"author":11,"featured_media":195735,"comment_status":"closed","ping_status":"open","sticky":false,"template":"","format":"standard","meta":{"footnotes":""},"categories":[26,10,3],"tags":[2586,2693,2698,461,2694,2696],"class_list":["post-195734","post","type-post","status-publish","format-standard","has-post-thumbnail","hentry","category-destacados","category-nacionales","category-politica","tag-libra-2","tag-bertie-benegas-lynch","tag-criptoescandalo","tag-eseade","tag-promocion","tag-universidad-privada"],"_links":{"self":[{"href":"https:\/\/corrientesdetarde.com\/index.php\/wp-json\/wp\/v2\/posts\/195734","targetHints":{"allow":["GET"]}}],"collection":[{"href":"https:\/\/corrientesdetarde.com\/index.php\/wp-json\/wp\/v2\/posts"}],"about":[{"href":"https:\/\/corrientesdetarde.com\/index.php\/wp-json\/wp\/v2\/types\/post"}],"author":[{"embeddable":true,"href":"https:\/\/corrientesdetarde.com\/index.php\/wp-json\/wp\/v2\/users\/11"}],"replies":[{"embeddable":true,"href":"https:\/\/corrientesdetarde.com\/index.php\/wp-json\/wp\/v2\/comments?post=195734"}],"version-history":[{"count":1,"href":"https:\/\/corrientesdetarde.com\/index.php\/wp-json\/wp\/v2\/posts\/195734\/revisions"}],"predecessor-version":[{"id":195736,"href":"https:\/\/corrientesdetarde.com\/index.php\/wp-json\/wp\/v2\/posts\/195734\/revisions\/195736"}],"wp:featuredmedia":[{"embeddable":true,"href":"https:\/\/corrientesdetarde.com\/index.php\/wp-json\/wp\/v2\/media\/195735"}],"wp:attachment":[{"href":"https:\/\/corrientesdetarde.com\/index.php\/wp-json\/wp\/v2\/media?parent=195734"}],"wp:term":[{"taxonomy":"category","embeddable":true,"href":"https:\/\/corrientesdetarde.com\/index.php\/wp-json\/wp\/v2\/categories?post=195734"},{"taxonomy":"post_tag","embeddable":true,"href":"https:\/\/corrientesdetarde.com\/index.php\/wp-json\/wp\/v2\/tags?post=195734"}],"curies":[{"name":"wp","href":"https:\/\/api.w.org\/{rel}","templated":true}]}}