{"id":195737,"date":"2025-03-10T21:32:14","date_gmt":"2025-03-11T00:32:14","guid":{"rendered":"https:\/\/corrientesdetarde.com\/?p=195737"},"modified":"2025-03-11T09:19:31","modified_gmt":"2025-03-11T12:19:31","slug":"continua-la-intensa-busqueda-de-personas-que-naufragaron-en-zona-de-esquina","status":"publish","type":"post","link":"https:\/\/corrientesdetarde.com\/index.php\/destacados\/continua-la-intensa-busqueda-de-personas-que-naufragaron-en-zona-de-esquina\/","title":{"rendered":"Desaparecidos en el r\u00edo Paran\u00e1: un celular estuvo activo hasta varias horas despu\u00e9s del siniestro"},"content":{"rendered":"\n<p>Seg\u00fan ese testimonio, el tel\u00e9fono de uno de los desaparecidos son\u00f3 hasta las 14 (el naufragio ocurri\u00f3 cerca de las 10).<\/p>\n\n\n\n<p>La Fiscal\u00eda y la Comisar\u00eda Primera solicitaron la intervenci\u00f3n de Delitos Complejos para rastrear las coordenadas de la \u00faltima ubicaci\u00f3n del dispositivo. Tambi\u00e9n se activ\u00f3 el peritaje de los tel\u00e9fonos de los j\u00f3venes y de la persona que intent\u00f3 contactarlos<\/p>\n\n\n\n<p>Lamentablemente hasta el momento no hay novedades sobre el paradero de los j\u00f3venes Nicol\u00e1s y Nahuel<\/p>\n\n\n\n<p>Participan en la intensa b\u00fasqueda, personal de la Unidad Especial de Seguridad Rural y Ecol\u00f3gica de Esquina y Goya en dos Embarcaciones de la Polic\u00eda, junto a otras dependencias de esa jurisdicci\u00f3n que se encuentran rastrillando zonas ribere\u00f1as en colaboraci\u00f3n con el personal de Prefectura Naval Argentina, a quienes se sumaron tambi\u00e9n Defensa Civil de la Provincia, Bomberos Voluntarios, el \u00e1rea provincial de Flora y Fauna, y personas que navegan en embarcaciones civiles en la zona.<\/p>\n\n\n\n<p>Este lunes los distintos efectivos continuaron la intensa b\u00fasqueda de estas personas, tanto por tierra, agua y aire, utilizando embarcaciones y drones con visores de \u00faltima generaci\u00f3n.<\/p>\n","protected":false},"excerpt":{"rendered":"<p>Seg\u00fan ese testimonio, el tel\u00e9fono de uno de los desaparecidos son\u00f3 hasta las 14 (el naufragio ocurri\u00f3 cerca de las 10). La Fiscal\u00eda y la Comisar\u00eda Primera solicitaron la intervenci\u00f3n&hellip; <\/p>\n","protected":false},"author":4,"featured_media":195744,"comment_status":"closed","ping_status":"open","sticky":false,"template":"","format":"standard","meta":{"footnotes":""},"categories":[26,33],"tags":[],"class_list":["post-195737","post","type-post","status-publish","format-standard","has-post-thumbnail","hentry","category-destacados","category-policiales"],"_links":{"self":[{"href":"https:\/\/corrientesdetarde.com\/index.php\/wp-json\/wp\/v2\/posts\/195737","targetHints":{"allow":["GET"]}}],"collection":[{"href":"https:\/\/corrientesdetarde.com\/index.php\/wp-json\/wp\/v2\/posts"}],"about":[{"href":"https:\/\/corrientesdetarde.com\/index.php\/wp-json\/wp\/v2\/types\/post"}],"author":[{"embeddable":true,"href":"https:\/\/corrientesdetarde.com\/index.php\/wp-json\/wp\/v2\/users\/4"}],"replies":[{"embeddable":true,"href":"https:\/\/corrientesdetarde.com\/index.php\/wp-json\/wp\/v2\/comments?post=195737"}],"version-history":[{"count":2,"href":"https:\/\/corrientesdetarde.com\/index.php\/wp-json\/wp\/v2\/posts\/195737\/revisions"}],"predecessor-version":[{"id":195809,"href":"https:\/\/corrientesdetarde.com\/index.php\/wp-json\/wp\/v2\/posts\/195737\/revisions\/195809"}],"wp:featuredmedia":[{"embeddable":true,"href":"https:\/\/corrientesdetarde.com\/index.php\/wp-json\/wp\/v2\/media\/195744"}],"wp:attachment":[{"href":"https:\/\/corrientesdetarde.com\/index.php\/wp-json\/wp\/v2\/media?parent=195737"}],"wp:term":[{"taxonomy":"category","embeddable":true,"href":"https:\/\/corrientesdetarde.com\/index.php\/wp-json\/wp\/v2\/categories?post=195737"},{"taxonomy":"post_tag","embeddable":true,"href":"https:\/\/corrientesdetarde.com\/index.php\/wp-json\/wp\/v2\/tags?post=195737"}],"curies":[{"name":"wp","href":"https:\/\/api.w.org\/{rel}","templated":true}]}}