{"id":195795,"date":"2025-03-11T00:00:47","date_gmt":"2025-03-11T03:00:47","guid":{"rendered":"https:\/\/corrientesdetarde.com\/?p=195795"},"modified":"2025-03-11T00:00:50","modified_gmt":"2025-03-11T03:00:50","slug":"alarma-en-boca-por-una-posible-lesion-de-kevin-zenon","status":"publish","type":"post","link":"https:\/\/corrientesdetarde.com\/index.php\/deportes\/alarma-en-boca-por-una-posible-lesion-de-kevin-zenon\/","title":{"rendered":"Alarma en Boca por una posible lesi\u00f3n de Kevin Zen\u00f3n"},"content":{"rendered":"\n<p>Luego de la goleada por 3-0 ante Central C\u00f3rdoba y los dos d\u00edas libres, Boca regres\u00f3 este lunes a los entrenamientos de cara al duelo frente a Defensa y Justicia. Fernando Gago cont\u00f3 con el regreso de dos centrales de jerarqu\u00eda, mientras que Kevin Zen\u00f3n encendi\u00f3 las alarmas.<\/p>\n\n\n\n<p>El volante ofensivo ven\u00eda de cosechar tres titularidades consecutivas como volante izquierdo, posici\u00f3n en la que mejor se desempe\u00f1a. Sin embargo, aquej\u00f3 una molestia muscular que lo tendr\u00e1 bajo la lupa: le har\u00e1n estudios para ver si tiene lesi\u00f3n y si llega al pr\u00f3ximo domingo.<\/p>\n\n\n\n<p>Por otra parte, Rodrigo Battaglia dej\u00f3 atr\u00e1s sus molestias musculares que lo apartaron de los \u00faltimos dos encuentros del Xeneize (ante Rosario Central y el Ferroviario) y se sum\u00f3 a la par de sus compa\u00f1eros. Cabe destacar que en su reemplazo como zaguero estuvo Lautaro Di Lollo y como volante central apareci\u00f3 Milton Delgado, ambos de buenos minutos y valorados por un referente como Ander Herrera.<\/p>\n\n\n\n<p>Quien tambi\u00e9n retorn\u00f3 fue Cristian Lema. El defensor hab\u00eda sufrido una lesi\u00f3n ligamentaria en su tobillo izquierdo en octubre de 2024 y regres\u00f3 para la pretemporada, aunque varias veces se ausent\u00f3 por molestias en dicho sector. No obstante, las veces que estuvo disponible, Gago no lo tuvo en cuenta porque no es de su gusto, y hasta el momento no sum\u00f3 minutos en lo que va de a\u00f1o.<\/p>\n\n\n\n<p>Adem\u00e1s de estar atento a la situaci\u00f3n de Zen\u00f3n, Pintita evaluar\u00e1 a otros cuatro volantes: Tom\u00e1s Belmonte, Ignacio Miram\u00f3n, Camilo Rey Domenech y Alan Velasco. Los primeros sufrieron desgarros y estar\u00edan disponibles para enfrentar al Halc\u00f3n, mientras que el otrora de Independiente ser\u00e1 m\u00e1s seguido de cerca por su esguince de tobillo.<\/p>\n","protected":false},"excerpt":{"rendered":"<p>Luego de la goleada por 3-0 ante Central C\u00f3rdoba y los dos d\u00edas libres, Boca regres\u00f3 este lunes a los entrenamientos de cara al duelo frente a Defensa y Justicia.&hellip; <\/p>\n","protected":false},"author":4,"featured_media":195797,"comment_status":"closed","ping_status":"open","sticky":false,"template":"","format":"standard","meta":{"footnotes":""},"categories":[4],"tags":[],"class_list":["post-195795","post","type-post","status-publish","format-standard","has-post-thumbnail","hentry","category-deportes"],"_links":{"self":[{"href":"https:\/\/corrientesdetarde.com\/index.php\/wp-json\/wp\/v2\/posts\/195795","targetHints":{"allow":["GET"]}}],"collection":[{"href":"https:\/\/corrientesdetarde.com\/index.php\/wp-json\/wp\/v2\/posts"}],"about":[{"href":"https:\/\/corrientesdetarde.com\/index.php\/wp-json\/wp\/v2\/types\/post"}],"author":[{"embeddable":true,"href":"https:\/\/corrientesdetarde.com\/index.php\/wp-json\/wp\/v2\/users\/4"}],"replies":[{"embeddable":true,"href":"https:\/\/corrientesdetarde.com\/index.php\/wp-json\/wp\/v2\/comments?post=195795"}],"version-history":[{"count":1,"href":"https:\/\/corrientesdetarde.com\/index.php\/wp-json\/wp\/v2\/posts\/195795\/revisions"}],"predecessor-version":[{"id":195798,"href":"https:\/\/corrientesdetarde.com\/index.php\/wp-json\/wp\/v2\/posts\/195795\/revisions\/195798"}],"wp:featuredmedia":[{"embeddable":true,"href":"https:\/\/corrientesdetarde.com\/index.php\/wp-json\/wp\/v2\/media\/195797"}],"wp:attachment":[{"href":"https:\/\/corrientesdetarde.com\/index.php\/wp-json\/wp\/v2\/media?parent=195795"}],"wp:term":[{"taxonomy":"category","embeddable":true,"href":"https:\/\/corrientesdetarde.com\/index.php\/wp-json\/wp\/v2\/categories?post=195795"},{"taxonomy":"post_tag","embeddable":true,"href":"https:\/\/corrientesdetarde.com\/index.php\/wp-json\/wp\/v2\/tags?post=195795"}],"curies":[{"name":"wp","href":"https:\/\/api.w.org\/{rel}","templated":true}]}}